{"id":88639,"date":"2021-03-05T10:37:13","date_gmt":"2021-03-05T13:37:13","guid":{"rendered":"https:\/\/eldiariodesanpedro.com.ar\/sitio\/?p=88639"},"modified":"2021-03-05T10:37:16","modified_gmt":"2021-03-05T13:37:16","slug":"sindicato-de-la-industria-del-papel-de-san-pedro-convocatoria-a-asamblea-general-ordinaria","status":"publish","type":"post","link":"https:\/\/eldiariodesanpedro.com.ar\/sitio\/sindicato-de-la-industria-del-papel-de-san-pedro-convocatoria-a-asamblea-general-ordinaria\/","title":{"rendered":"Sindicato de la Industria del Papel de San Pedro &#8211; Convocatoria a Asamblea General Ordinaria"},"content":{"rendered":"<!-- VideographyWP Plugin Message: Automatic video embedding prevented by plugin options. -->\n\n<p><strong>SINDICATO DE LA INDUSTRIA DEL PAPEL DE SAN PEDRO<\/strong><br><strong>CONVOCATORIA A ASAMBLEA GENERAL \u00a0ORDINARIA<\/strong><br><strong>Personer\u00eda gremial 1912<\/strong><\/p>\n\n\n\n<p>San Pedro, 5 de Marzo de 2021.-<\/p>\n\n\n\n<p>La Comisi\u00f3n Directiva del Sindicato del Papel,&nbsp; convoca a todos los compa\u00f1eros y compa\u00f1eras afiliados a la ASAMBLEA GENERAL ORDINARIA , &nbsp;a realizarse el d\u00eda Viernes 30 de Abril&nbsp; de 2021 , a las 16 horas en la sede del Sindicato de Ayacucho N\u00ba 645 donde se tratara lo siguiente&nbsp;<\/p>\n\n\n\n<p><strong>ORDEN DEL DIA:<br><\/strong>1\u00ba) .- Elecci\u00f3n de 1 ( un ) Presidente<br>2\u00ba).- Lectura del Acta Anterior<br>3\u00aa) .- Consideraci\u00f3n de la Memoria y Balance periodo 01\/01\/2019 al 31\/12\/2019, suspendida por la Pandemia Covid-19\u00a0<br>4\u00ba) .- Consideraci\u00f3n de la Memoria y Balance periodo 01\/01\/2020 al 31\/12\/2020<br>5\u00ba) .- Elecci\u00f3n de 2 ( dos ) Asamble\u00edstas para firmar Acta\u00a0<\/p>\n\n\n\n<p><strong>Gerardo Gelabert\u00a0&#8211; Secretario General<\/strong><\/p>\n","protected":false},"excerpt":{"rendered":"<p>SINDICATO DE LA INDUSTRIA DEL PAPEL DE SAN PEDROCONVOCATORIA A ASAMBLEA GENERAL \u00a0ORDINARIAPersoner\u00eda gremial 1912 San Pedro, 5 de Marzo de 2021.- La Comisi\u00f3n Directiva del Sindicato del Papel,&nbsp; convoca a todos los compa\u00f1eros y compa\u00f1eras afiliados a la ASAMBLEA GENERAL ORDINARIA , &nbsp;a realizarse el d\u00eda Viernes 30 de Abril&nbsp; de 2021 , a [&hellip;]<\/p>\n","protected":false},"author":4,"featured_media":88640,"comment_status":"open","ping_status":"closed","sticky":false,"template":"","format":"standard","meta":{"om_disable_all_campaigns":false,"_jetpack_memberships_contains_paid_content":false,"footnotes":""},"categories":[678,676],"tags":[],"class_list":["post-88639","post","type-post","status-publish","format-standard","has-post-thumbnail","hentry","category-convocatorias","category-edictos"],"aioseo_notices":[],"gutentor_comment":0,"jetpack_featured_media_url":"https:\/\/eldiariodesanpedro.com.ar\/sitio\/wp-content\/uploads\/2021\/03\/Convocatoria-sindicato-del-papel-marzo-2021.jpg","jetpack_shortlink":"https:\/\/wp.me\/p6RhLt-n3F","jetpack_sharing_enabled":true,"_links":{"self":[{"href":"https:\/\/eldiariodesanpedro.com.ar\/sitio\/wp-json\/wp\/v2\/posts\/88639","targetHints":{"allow":["GET"]}}],"collection":[{"href":"https:\/\/eldiariodesanpedro.com.ar\/sitio\/wp-json\/wp\/v2\/posts"}],"about":[{"href":"https:\/\/eldiariodesanpedro.com.ar\/sitio\/wp-json\/wp\/v2\/types\/post"}],"author":[{"embeddable":true,"href":"https:\/\/eldiariodesanpedro.com.ar\/sitio\/wp-json\/wp\/v2\/users\/4"}],"replies":[{"embeddable":true,"href":"https:\/\/eldiariodesanpedro.com.ar\/sitio\/wp-json\/wp\/v2\/comments?post=88639"}],"version-history":[{"count":1,"href":"https:\/\/eldiariodesanpedro.com.ar\/sitio\/wp-json\/wp\/v2\/posts\/88639\/revisions"}],"predecessor-version":[{"id":88641,"href":"https:\/\/eldiariodesanpedro.com.ar\/sitio\/wp-json\/wp\/v2\/posts\/88639\/revisions\/88641"}],"wp:featuredmedia":[{"embeddable":true,"href":"https:\/\/eldiariodesanpedro.com.ar\/sitio\/wp-json\/wp\/v2\/media\/88640"}],"wp:attachment":[{"href":"https:\/\/eldiariodesanpedro.com.ar\/sitio\/wp-json\/wp\/v2\/media?parent=88639"}],"wp:term":[{"taxonomy":"category","embeddable":true,"href":"https:\/\/eldiariodesanpedro.com.ar\/sitio\/wp-json\/wp\/v2\/categories?post=88639"},{"taxonomy":"post_tag","embeddable":true,"href":"https:\/\/eldiariodesanpedro.com.ar\/sitio\/wp-json\/wp\/v2\/tags?post=88639"}],"curies":[{"name":"wp","href":"https:\/\/api.w.org\/{rel}","templated":true}]}}