{"id":88636,"date":"2021-03-05T10:31:22","date_gmt":"2021-03-05T13:31:22","guid":{"rendered":"https:\/\/eldiariodesanpedro.com.ar\/sitio\/?p=88636"},"modified":"2021-03-08T09:45:35","modified_gmt":"2021-03-08T12:45:35","slug":"mutual-de-seguridad-social-convocatoria-asamblea-general-ordinaria","status":"publish","type":"post","link":"https:\/\/eldiariodesanpedro.com.ar\/sitio\/mutual-de-seguridad-social-convocatoria-asamblea-general-ordinaria\/","title":{"rendered":"Mutual de Seguridad Social &#8211; Convocatoria Asamblea General Ordinaria"},"content":{"rendered":"<!-- VideographyWP Plugin Message: Automatic video embedding prevented by plugin options. -->\n\n<p><strong>MUTUAL DE SEGURIDAD SOCIAL<\/strong><br><strong>Personer\u00eda jur\u00eddica N\u00b0 3012<\/strong><br><strong>De&nbsp; los afiliados al sindicato de la industria del papel de San Pedro<\/strong><\/p>\n\n\n\n<p><strong>CONVOCATORIA&nbsp; ASAMBLEA<\/strong> <strong>GENERAL&nbsp; ORDINARIA<\/strong><\/p>\n\n\n\n<p>Conforme a lo dispuesto por nuestros estatutos, convocase a los se\u00f1ores socios de la Mutual de Seguridad Social para la Asamblea Anual Ordinaria del ejercicio finalizado el 31 de enero de 2021,&nbsp; que tendr\u00e1 lugar en nuestra sede social de calle Ayacucho 645 de esta ciudad, para el d\u00eda 30 de Abril de 2021 a las 18.00 hs para considerar el siguiente:<\/p>\n\n\n\n<p>ORDEN DEL DIA&nbsp;<\/p>\n\n\n\n<p>1\u00b0) Lectura y consideraci\u00f3n de memoria y balance, cuenta de gastos y recursos e informe de la junta fiscalizadora del&nbsp; ejercicio finalizado el 31 de enero de 2020, suspendida&nbsp; por la Pandemia&nbsp; Covid-19.<\/p>\n\n\n\n<p>2\u00b0) Lectura y consideraci\u00f3n de memoria y balance, cuenta de gastos y recursos e&nbsp; informe de la junta fiscalizadora del&nbsp; ejercicio finalizado el 31 de enero de 2021<\/p>\n\n\n\n<p>2\u00b0) Designaci\u00f3n de dos socios asamble\u00edstas para firmar conjuntamente con el Sr Presidente y Secretario el acta de asamblea<\/p>\n\n\n\n<p>3\u00b0) Votaci\u00f3n para elegir los siguientes miembros de la Comisi\u00f3n Directiva previa constituci\u00f3n del mesa escrutadora, un Presidente, un Secretario ,un Tesorero, dos Vocales titulares, tres Vocales suplentes, tres miembros titulares de la Junta fiscalizadora y un miembro suplente de junta fiscalizadora, todos por dos a\u00f1os y finalizaci\u00f3n de mandatos.<\/p>\n\n\n\n<p>4\u00b0) Tratamiento de la cuota social su modificaci\u00f3n o no<\/p>\n\n\n\n<p>NOTA: Art 43: La Asamblea no podr\u00e1 considerar asuntos que no est\u00e9n incluidos en el orden del dia; ser\u00e1n nulas las decisiones extra\u00f1as a \u00e9l.&nbsp;<\/p>\n\n\n\n<p>Art 41: el qu\u00f3rum para sesionar en las Asambleas ser\u00e1 la mitad m\u00e1s uno de los asociados con derecho a voto. En caso de no alcanzar ese n\u00famero a la hora fijada, la asamblea podr\u00e1 sesionar v\u00e1lidamente treinta minutos despu\u00e9s con los asociados presentes. El n\u00famero de asamble\u00edstas no podr\u00e1 ser menor al de los miembros titulares de los \u00f3rganos directivos y de fiscalizaci\u00f3n. De dicho c\u00f3mputo quedan excluidos los referidos miembros.<\/p>\n\n\n\n<p>Eduardo Ohiler &#8211; Secretario<br>Gerardo Gelabert &#8211; Presidente<\/p>\n","protected":false},"excerpt":{"rendered":"<p>MUTUAL DE SEGURIDAD SOCIALPersoner\u00eda jur\u00eddica N\u00b0 3012De&nbsp; los afiliados al sindicato de la industria del papel de San Pedro CONVOCATORIA&nbsp; ASAMBLEA GENERAL&nbsp; ORDINARIA Conforme a lo dispuesto por nuestros estatutos, convocase a los se\u00f1ores socios de la Mutual de Seguridad Social para la Asamblea Anual Ordinaria del ejercicio finalizado el 31 de enero de 2021,&nbsp; [&hellip;]<\/p>\n","protected":false},"author":4,"featured_media":88637,"comment_status":"open","ping_status":"closed","sticky":false,"template":"","format":"standard","meta":{"om_disable_all_campaigns":false,"_jetpack_memberships_contains_paid_content":false,"footnotes":""},"categories":[678,676],"tags":[],"class_list":["post-88636","post","type-post","status-publish","format-standard","has-post-thumbnail","hentry","category-convocatorias","category-edictos"],"aioseo_notices":[],"gutentor_comment":0,"jetpack_featured_media_url":"https:\/\/eldiariodesanpedro.com.ar\/sitio\/wp-content\/uploads\/2021\/03\/Convocatoria-Mutual-marzo-2021.jpg","jetpack_shortlink":"https:\/\/wp.me\/p6RhLt-n3C","jetpack_sharing_enabled":true,"_links":{"self":[{"href":"https:\/\/eldiariodesanpedro.com.ar\/sitio\/wp-json\/wp\/v2\/posts\/88636","targetHints":{"allow":["GET"]}}],"collection":[{"href":"https:\/\/eldiariodesanpedro.com.ar\/sitio\/wp-json\/wp\/v2\/posts"}],"about":[{"href":"https:\/\/eldiariodesanpedro.com.ar\/sitio\/wp-json\/wp\/v2\/types\/post"}],"author":[{"embeddable":true,"href":"https:\/\/eldiariodesanpedro.com.ar\/sitio\/wp-json\/wp\/v2\/users\/4"}],"replies":[{"embeddable":true,"href":"https:\/\/eldiariodesanpedro.com.ar\/sitio\/wp-json\/wp\/v2\/comments?post=88636"}],"version-history":[{"count":2,"href":"https:\/\/eldiariodesanpedro.com.ar\/sitio\/wp-json\/wp\/v2\/posts\/88636\/revisions"}],"predecessor-version":[{"id":88772,"href":"https:\/\/eldiariodesanpedro.com.ar\/sitio\/wp-json\/wp\/v2\/posts\/88636\/revisions\/88772"}],"wp:featuredmedia":[{"embeddable":true,"href":"https:\/\/eldiariodesanpedro.com.ar\/sitio\/wp-json\/wp\/v2\/media\/88637"}],"wp:attachment":[{"href":"https:\/\/eldiariodesanpedro.com.ar\/sitio\/wp-json\/wp\/v2\/media?parent=88636"}],"wp:term":[{"taxonomy":"category","embeddable":true,"href":"https:\/\/eldiariodesanpedro.com.ar\/sitio\/wp-json\/wp\/v2\/categories?post=88636"},{"taxonomy":"post_tag","embeddable":true,"href":"https:\/\/eldiariodesanpedro.com.ar\/sitio\/wp-json\/wp\/v2\/tags?post=88636"}],"curies":[{"name":"wp","href":"https:\/\/api.w.org\/{rel}","templated":true}]}}