{"id":88630,"date":"2021-03-05T09:55:25","date_gmt":"2021-03-05T12:55:25","guid":{"rendered":"https:\/\/eldiariodesanpedro.com.ar\/sitio\/?p=88630"},"modified":"2021-03-05T09:55:29","modified_gmt":"2021-03-05T12:55:29","slug":"campana-antorcha-irregular-por-la-puesta-en-marcha-del-catalitico-en-la-refineria","status":"publish","type":"post","link":"https:\/\/eldiariodesanpedro.com.ar\/sitio\/campana-antorcha-irregular-por-la-puesta-en-marcha-del-catalitico-en-la-refineria\/","title":{"rendered":"CAMPANA | Antorcha irregular por la puesta en marcha del Catal\u00edtico en la refiner\u00eda"},"content":{"rendered":"<!-- VideographyWP Plugin Message: Automatic video embedding prevented by plugin options. -->\n\n<p>Vecinos informaron la existencia de humo y fuego. Desde la empresa Axion dieron cuenta de las tareas que podr\u00edan representar \u201cactividad inusual\u201d en la zona.<\/p>\n\n\n\n<p>La puesta en marcha de la Unidad de Craqueo Catal\u00edtico volvi\u00f3 a evidenciar actividad inusual en un sector de la refiner\u00eda Axion.<br><br>Vecinos dieron cuenta de la situaci\u00f3n, y consultada la empresa emiti\u00f3 un comunicado se\u00f1alando que estos trabajos \u201cpodr\u00edan generar mayores niveles de antorcha de manera eventual\u201d.<br><br>En este sentido aseguraron que las tareas se realizar\u00e1n \u201ccomo siempre, bajo nuestros altos protocolos de seguridad\u201d.<\/p>\n\n\n\n<p>Fuente: <a href=\"https:\/\/www.nortebonaerense.com.ar\/noticias\/campana-antorcha-irregular-por-la-puesta-en-marcha-del-catalitico-en-la-refineria_883172.html\">Campana Noticias<\/a><\/p>\n","protected":false},"excerpt":{"rendered":"<p>Vecinos informaron la existencia de humo y fuego. Desde la empresa Axion dieron cuenta de las tareas que podr\u00edan representar \u201cactividad inusual\u201d en la zona. La puesta en marcha de la Unidad de Craqueo Catal\u00edtico volvi\u00f3 a evidenciar actividad inusual en un sector de la refiner\u00eda Axion. Vecinos dieron cuenta de la situaci\u00f3n, y consultada [&hellip;]<\/p>\n","protected":false},"author":4,"featured_media":88631,"comment_status":"open","ping_status":"closed","sticky":false,"template":"","format":"standard","meta":{"om_disable_all_campaigns":false,"_jetpack_memberships_contains_paid_content":false,"footnotes":""},"categories":[621],"tags":[],"class_list":["post-88630","post","type-post","status-publish","format-standard","has-post-thumbnail","hentry","category-regionales"],"aioseo_notices":[],"gutentor_comment":0,"jetpack_featured_media_url":"https:\/\/eldiariodesanpedro.com.ar\/sitio\/wp-content\/uploads\/2021\/03\/20210303034006.jpeg","jetpack_shortlink":"https:\/\/wp.me\/p6RhLt-n3w","jetpack_sharing_enabled":true,"_links":{"self":[{"href":"https:\/\/eldiariodesanpedro.com.ar\/sitio\/wp-json\/wp\/v2\/posts\/88630","targetHints":{"allow":["GET"]}}],"collection":[{"href":"https:\/\/eldiariodesanpedro.com.ar\/sitio\/wp-json\/wp\/v2\/posts"}],"about":[{"href":"https:\/\/eldiariodesanpedro.com.ar\/sitio\/wp-json\/wp\/v2\/types\/post"}],"author":[{"embeddable":true,"href":"https:\/\/eldiariodesanpedro.com.ar\/sitio\/wp-json\/wp\/v2\/users\/4"}],"replies":[{"embeddable":true,"href":"https:\/\/eldiariodesanpedro.com.ar\/sitio\/wp-json\/wp\/v2\/comments?post=88630"}],"version-history":[{"count":1,"href":"https:\/\/eldiariodesanpedro.com.ar\/sitio\/wp-json\/wp\/v2\/posts\/88630\/revisions"}],"predecessor-version":[{"id":88632,"href":"https:\/\/eldiariodesanpedro.com.ar\/sitio\/wp-json\/wp\/v2\/posts\/88630\/revisions\/88632"}],"wp:featuredmedia":[{"embeddable":true,"href":"https:\/\/eldiariodesanpedro.com.ar\/sitio\/wp-json\/wp\/v2\/media\/88631"}],"wp:attachment":[{"href":"https:\/\/eldiariodesanpedro.com.ar\/sitio\/wp-json\/wp\/v2\/media?parent=88630"}],"wp:term":[{"taxonomy":"category","embeddable":true,"href":"https:\/\/eldiariodesanpedro.com.ar\/sitio\/wp-json\/wp\/v2\/categories?post=88630"},{"taxonomy":"post_tag","embeddable":true,"href":"https:\/\/eldiariodesanpedro.com.ar\/sitio\/wp-json\/wp\/v2\/tags?post=88630"}],"curies":[{"name":"wp","href":"https:\/\/api.w.org\/{rel}","templated":true}]}}