{"id":88627,"date":"2021-03-05T09:53:48","date_gmt":"2021-03-05T12:53:48","guid":{"rendered":"https:\/\/eldiariodesanpedro.com.ar\/sitio\/?p=88627"},"modified":"2021-03-05T09:53:52","modified_gmt":"2021-03-05T12:53:52","slug":"campana-aprehendieron-a-la-autora-del-homicidio-ocurrido-en-el-barrio-lubo","status":"publish","type":"post","link":"https:\/\/eldiariodesanpedro.com.ar\/sitio\/campana-aprehendieron-a-la-autora-del-homicidio-ocurrido-en-el-barrio-lubo\/","title":{"rendered":"CAMPANA | Aprehendieron a la autora del homicidio ocurrido en el Barrio Lubo"},"content":{"rendered":"<!-- VideographyWP Plugin Message: Automatic video embedding prevented by plugin options. -->\n\n<p>Personal de Comando Patrulla dio con ella en las inmediaciones de Colectora Sur. Se la acusa de matar a un joven de 26 a\u00f1os en horas de la madrugada, utilizando un arma blanca cerca del cruce de las calles Jujuy y Modarelli. Act\u00faa la UFI N\u00b02 de Campana.<\/p>\n\n\n\n<p>En horas de la madrugada vecinos del Barrio Lubo se encontraron horrorizados con el escenario de un asesinato cerca del cruce de las calles Jujuy y Modarelli, trat\u00e1ndose de un vecino proveniente del Barrio Villanueva e identificado como Emiliano Gabriel Ben\u00edtez, de 26 a\u00f1os, quien yac\u00eda en el suelo sin vida luego de haber sido atacado con un cuchillo.<br><br>Recabando testimonios respecto a lo ocurrido, personal de Comando Patrulla lleg\u00f3 a la conclusi\u00f3n de que el joven se encontraba visitando a una amiga, residente all\u00ed mismo sobre la calle Jujuy, donde acabaron siendo abordados por la ex pareja de esta \u00faltima, trat\u00e1ndose de una mujer identificada como Melanie Mariela D\u00edaz, de tan s\u00f3lo 19 a\u00f1os, quien luego de un altercado se convirti\u00f3 en autora del hecho blandiendo la mencionada arma blanca.<br><br>Una vez obtenida esta informaci\u00f3n, las fuerzas de seguridad partieron inmediatamente en su b\u00fasqueda, dando finalmente con ella al encontrarla deambulando en las inmediaciones de Colectora Sur y la calle Schinoni.<br><br>Imputada por homicidio, Melanie D\u00edaz se encuentra actualmente a disposici\u00f3n del Poder Judicial, interviniendo en la causa la UFI N\u00b02 de nuestra localidad.<\/p>\n\n\n\n<p>Fuente: <a href=\"https:\/\/www.campananoticias.com\/\">Campana noticias<\/a><\/p>\n","protected":false},"excerpt":{"rendered":"<p>Personal de Comando Patrulla dio con ella en las inmediaciones de Colectora Sur. Se la acusa de matar a un joven de 26 a\u00f1os en horas de la madrugada, utilizando un arma blanca cerca del cruce de las calles Jujuy y Modarelli. Act\u00faa la UFI N\u00b02 de Campana. En horas de la madrugada vecinos del [&hellip;]<\/p>\n","protected":false},"author":4,"featured_media":88628,"comment_status":"open","ping_status":"closed","sticky":false,"template":"","format":"standard","meta":{"om_disable_all_campaigns":false,"_jetpack_memberships_contains_paid_content":false,"footnotes":""},"categories":[621],"tags":[],"class_list":["post-88627","post","type-post","status-publish","format-standard","has-post-thumbnail","hentry","category-regionales"],"aioseo_notices":[],"gutentor_comment":0,"jetpack_featured_media_url":"https:\/\/eldiariodesanpedro.com.ar\/sitio\/wp-content\/uploads\/2021\/03\/20210303124021.jpg","jetpack_shortlink":"https:\/\/wp.me\/p6RhLt-n3t","jetpack_sharing_enabled":true,"_links":{"self":[{"href":"https:\/\/eldiariodesanpedro.com.ar\/sitio\/wp-json\/wp\/v2\/posts\/88627","targetHints":{"allow":["GET"]}}],"collection":[{"href":"https:\/\/eldiariodesanpedro.com.ar\/sitio\/wp-json\/wp\/v2\/posts"}],"about":[{"href":"https:\/\/eldiariodesanpedro.com.ar\/sitio\/wp-json\/wp\/v2\/types\/post"}],"author":[{"embeddable":true,"href":"https:\/\/eldiariodesanpedro.com.ar\/sitio\/wp-json\/wp\/v2\/users\/4"}],"replies":[{"embeddable":true,"href":"https:\/\/eldiariodesanpedro.com.ar\/sitio\/wp-json\/wp\/v2\/comments?post=88627"}],"version-history":[{"count":1,"href":"https:\/\/eldiariodesanpedro.com.ar\/sitio\/wp-json\/wp\/v2\/posts\/88627\/revisions"}],"predecessor-version":[{"id":88629,"href":"https:\/\/eldiariodesanpedro.com.ar\/sitio\/wp-json\/wp\/v2\/posts\/88627\/revisions\/88629"}],"wp:featuredmedia":[{"embeddable":true,"href":"https:\/\/eldiariodesanpedro.com.ar\/sitio\/wp-json\/wp\/v2\/media\/88628"}],"wp:attachment":[{"href":"https:\/\/eldiariodesanpedro.com.ar\/sitio\/wp-json\/wp\/v2\/media?parent=88627"}],"wp:term":[{"taxonomy":"category","embeddable":true,"href":"https:\/\/eldiariodesanpedro.com.ar\/sitio\/wp-json\/wp\/v2\/categories?post=88627"},{"taxonomy":"post_tag","embeddable":true,"href":"https:\/\/eldiariodesanpedro.com.ar\/sitio\/wp-json\/wp\/v2\/tags?post=88627"}],"curies":[{"name":"wp","href":"https:\/\/api.w.org\/{rel}","templated":true}]}}