{"id":88616,"date":"2021-03-05T09:50:27","date_gmt":"2021-03-05T12:50:27","guid":{"rendered":"https:\/\/eldiariodesanpedro.com.ar\/sitio\/?p=88616"},"modified":"2021-03-05T09:50:31","modified_gmt":"2021-03-05T12:50:31","slug":"comenzo-la-remodelacion-del-sector-de-internacion-del-hospital","status":"publish","type":"post","link":"https:\/\/eldiariodesanpedro.com.ar\/sitio\/comenzo-la-remodelacion-del-sector-de-internacion-del-hospital\/","title":{"rendered":"Comenz\u00f3 la remodelaci\u00f3n del sector de internaci\u00f3n del Hospital"},"content":{"rendered":"<!-- VideographyWP Plugin Message: Automatic video embedding prevented by plugin options. -->\n\n<p>Ayer comenz\u00f3 la obra de reestructuraci\u00f3n, remodelaci\u00f3n y refacci\u00f3n del sector de internaci\u00f3n general del<br>Hospital Municipal Emilio Ruffa y hoy el Secretario de Coordinaci\u00f3n Ram\u00f3n Salazar, el de Obras P\u00fablicas Javier Silva, el de Salud Daniel Creus y el Director del Hospital Javier Sualdea, realizaron una recorrida por el sector que se encuentra en plena transformaci\u00f3n.<\/p>\n\n\n\n<p>El Hospital Municipal Emilio Ruffa es el \u00fanico, en el \u00e1mbito de la salud p\u00fablica, que cuenta con sector de internaci\u00f3n en la ciudad de San Pedro y si bien se han venido ejecutando reparaciones y reformas, hace m\u00e1s de 40 a\u00f1os que no se plantea una reestructuraci\u00f3n como la que ha dado comienzo esta semana.<\/p>\n\n\n\n<p>Las tareas planificadas con un presupuesto de aproximadamente 11 millones de pesos proveniente de un programa provincial para el fortalecimiento de los municipios comprenden un desmantelamiento total de cada habitaci\u00f3n y sus ba\u00f1os, una renovaci\u00f3n de todos los sanitarios y grifer\u00edas, nueva instalaci\u00f3n el\u00e9ctrica, artefactos de iluminaci\u00f3n, revestimientos y la instalaci\u00f3n de un nuevo sistema de llamadas lum\u00ednicas desde habitaciones a office de enfermer\u00eda.<\/p>\n\n\n\n<p>En las habitaciones se reemplazar\u00e1n los placares existentes por nuevos hechos a medida y se ampliar\u00e1n los espacios para el office de enfermeras y enfermeros con la construcci\u00f3n de dos vestuarios, sumamente necesario para las labores cotidianas, especialmente ante la habilitaci\u00f3n de una zona de aislamiento dentro del espacio de internaci\u00f3n.<\/p>\n\n\n\n<p>Adem\u00e1s se crear\u00e1 un sector de administraci\u00f3n, sector de preparaci\u00f3n de medicaci\u00f3n, estar de office, dep\u00f3sito de ropa sucia y sector de residuos patol\u00f3gicos.<\/p>\n\n\n\n<p>La obra concluida dejar\u00e1 al sector de internaci\u00f3n provisto de 13 habitaciones con ba\u00f1o, un office de enfermer\u00eda con administraci\u00f3n, sector para ropa sucia y ropa limpia, un sector de lavado, dep\u00f3sito, vestuarios para personal m\u00e9dico y un sector para preparaci\u00f3n de insumos. Todo esto deja al sector de internaci\u00f3n general en condiciones \u00f3ptimas para poder albergar y atender a 30 pacientes. La visita se complet\u00f3 con una recorrida por el \u00e1rea de Pediatr\u00eda, donde se est\u00e1n contruyendo ba\u00f1os nuevos.<\/p>\n\n\n\n<p>En la recorrida de esta ma\u00f1ana, los funcionarios destacaron la relevancia de esta obra de infraestructura que ha comenzado y anticiparon que tanto desde el municipio como desde la empresa se har\u00e1n todos los esfuerzos necesarios para que se concluya con la mayor rapidez posible, aunque el plazo de obra es de 180 d\u00edas.<\/p>\n\n\n\n<p>El desarrollo de las tareas ha generado el traslado de parte de la atenci\u00f3n a una cl\u00ednica privada y modifica la din\u00e1mica habitual del Hospital, por lo cual, se piden las disculpas correspondientes a todos los vecinos y vecinas que concurren, con el objetivo de seguir mejorando las condiciones generales de atenci\u00f3n.<\/p>\n\n\n\n<figure class=\"wp-block-image size-large\"><img decoding=\"async\" width=\"683\" height=\"1024\" data-attachment-id=\"88622\" data-permalink=\"https:\/\/eldiariodesanpedro.com.ar\/sitio\/comenzo-la-remodelacion-del-sector-de-internacion-del-hospital\/whatsapp-image-2021-03-04-at-13-50-05\/\" data-orig-file=\"https:\/\/eldiariodesanpedro.com.ar\/sitio\/wp-content\/uploads\/2021\/03\/WhatsApp-Image-2021-03-04-at-13.50.05.jpeg\" data-orig-size=\"720,1080\" data-comments-opened=\"1\" data-image-meta=\"{&quot;aperture&quot;:&quot;0&quot;,&quot;credit&quot;:&quot;&quot;,&quot;camera&quot;:&quot;&quot;,&quot;caption&quot;:&quot;&quot;,&quot;created_timestamp&quot;:&quot;0&quot;,&quot;copyright&quot;:&quot;&quot;,&quot;focal_length&quot;:&quot;0&quot;,&quot;iso&quot;:&quot;0&quot;,&quot;shutter_speed&quot;:&quot;0&quot;,&quot;title&quot;:&quot;&quot;,&quot;orientation&quot;:&quot;0&quot;}\" data-image-title=\"WhatsApp Image 2021-03-04 at 13.50.05\" data-image-description=\"\" data-image-caption=\"\" data-large-file=\"https:\/\/eldiariodesanpedro.com.ar\/sitio\/wp-content\/uploads\/2021\/03\/WhatsApp-Image-2021-03-04-at-13.50.05-683x1024.jpeg\" data-src=\"https:\/\/eldiariodesanpedro.com.ar\/sitio\/wp-content\/uploads\/2021\/03\/WhatsApp-Image-2021-03-04-at-13.50.05-683x1024.jpeg\" alt=\"\" class=\"wp-image-88622 lazyload\" data-srcset=\"https:\/\/eldiariodesanpedro.com.ar\/sitio\/wp-content\/uploads\/2021\/03\/WhatsApp-Image-2021-03-04-at-13.50.05-683x1024.jpeg 683w, https:\/\/eldiariodesanpedro.com.ar\/sitio\/wp-content\/uploads\/2021\/03\/WhatsApp-Image-2021-03-04-at-13.50.05-200x300.jpeg 200w, https:\/\/eldiariodesanpedro.com.ar\/sitio\/wp-content\/uploads\/2021\/03\/WhatsApp-Image-2021-03-04-at-13.50.05.jpeg 720w\" data-sizes=\"(max-width: 683px) 100vw, 683px\" src=\"data:image\/svg+xml;base64,PHN2ZyB3aWR0aD0iMSIgaGVpZ2h0PSIxIiB4bWxucz0iaHR0cDovL3d3dy53My5vcmcvMjAwMC9zdmciPjwvc3ZnPg==\" style=\"--smush-placeholder-width: 683px; --smush-placeholder-aspect-ratio: 683\/1024;\" \/><\/figure>\n\n\n\n<figure class=\"wp-block-image size-large\"><img decoding=\"async\" width=\"720\" height=\"480\" data-attachment-id=\"88621\" data-permalink=\"https:\/\/eldiariodesanpedro.com.ar\/sitio\/comenzo-la-remodelacion-del-sector-de-internacion-del-hospital\/whatsapp-image-2021-03-04-at-13-50-04\/\" data-orig-file=\"https:\/\/eldiariodesanpedro.com.ar\/sitio\/wp-content\/uploads\/2021\/03\/WhatsApp-Image-2021-03-04-at-13.50.04.jpeg\" data-orig-size=\"720,480\" data-comments-opened=\"1\" data-image-meta=\"{&quot;aperture&quot;:&quot;0&quot;,&quot;credit&quot;:&quot;&quot;,&quot;camera&quot;:&quot;&quot;,&quot;caption&quot;:&quot;&quot;,&quot;created_timestamp&quot;:&quot;0&quot;,&quot;copyright&quot;:&quot;&quot;,&quot;focal_length&quot;:&quot;0&quot;,&quot;iso&quot;:&quot;0&quot;,&quot;shutter_speed&quot;:&quot;0&quot;,&quot;title&quot;:&quot;&quot;,&quot;orientation&quot;:&quot;0&quot;}\" data-image-title=\"WhatsApp Image 2021-03-04 at 13.50.04\" data-image-description=\"\" data-image-caption=\"\" data-large-file=\"https:\/\/eldiariodesanpedro.com.ar\/sitio\/wp-content\/uploads\/2021\/03\/WhatsApp-Image-2021-03-04-at-13.50.04.jpeg\" data-src=\"https:\/\/eldiariodesanpedro.com.ar\/sitio\/wp-content\/uploads\/2021\/03\/WhatsApp-Image-2021-03-04-at-13.50.04.jpeg\" alt=\"\" class=\"wp-image-88621 lazyload\" data-srcset=\"https:\/\/eldiariodesanpedro.com.ar\/sitio\/wp-content\/uploads\/2021\/03\/WhatsApp-Image-2021-03-04-at-13.50.04.jpeg 720w, https:\/\/eldiariodesanpedro.com.ar\/sitio\/wp-content\/uploads\/2021\/03\/WhatsApp-Image-2021-03-04-at-13.50.04-300x200.jpeg 300w\" data-sizes=\"(max-width: 720px) 100vw, 720px\" src=\"data:image\/svg+xml;base64,PHN2ZyB3aWR0aD0iMSIgaGVpZ2h0PSIxIiB4bWxucz0iaHR0cDovL3d3dy53My5vcmcvMjAwMC9zdmciPjwvc3ZnPg==\" style=\"--smush-placeholder-width: 720px; --smush-placeholder-aspect-ratio: 720\/480;\" \/><\/figure>\n","protected":false},"excerpt":{"rendered":"<p>Ayer comenz\u00f3 la obra de reestructuraci\u00f3n, remodelaci\u00f3n y refacci\u00f3n del sector de internaci\u00f3n general delHospital Municipal Emilio Ruffa y hoy el Secretario de Coordinaci\u00f3n Ram\u00f3n Salazar, el de Obras P\u00fablicas Javier Silva, el de Salud Daniel Creus y el Director del Hospital Javier Sualdea, realizaron una recorrida por el sector que se encuentra en plena [&hellip;]<\/p>\n","protected":false},"author":4,"featured_media":88620,"comment_status":"open","ping_status":"closed","sticky":false,"template":"","format":"standard","meta":{"om_disable_all_campaigns":false,"_jetpack_memberships_contains_paid_content":false,"footnotes":""},"categories":[50,101,2],"tags":[],"class_list":["post-88616","post","type-post","status-publish","format-standard","has-post-thumbnail","hentry","category-destacadas","category-interes-general-locales","category-locales"],"aioseo_notices":[],"gutentor_comment":0,"jetpack_featured_media_url":"https:\/\/eldiariodesanpedro.com.ar\/sitio\/wp-content\/uploads\/2021\/03\/WhatsApp-Image-2021-03-04-at-13.50.04-1.jpeg","jetpack_shortlink":"https:\/\/wp.me\/p6RhLt-n3i","jetpack_sharing_enabled":true,"_links":{"self":[{"href":"https:\/\/eldiariodesanpedro.com.ar\/sitio\/wp-json\/wp\/v2\/posts\/88616","targetHints":{"allow":["GET"]}}],"collection":[{"href":"https:\/\/eldiariodesanpedro.com.ar\/sitio\/wp-json\/wp\/v2\/posts"}],"about":[{"href":"https:\/\/eldiariodesanpedro.com.ar\/sitio\/wp-json\/wp\/v2\/types\/post"}],"author":[{"embeddable":true,"href":"https:\/\/eldiariodesanpedro.com.ar\/sitio\/wp-json\/wp\/v2\/users\/4"}],"replies":[{"embeddable":true,"href":"https:\/\/eldiariodesanpedro.com.ar\/sitio\/wp-json\/wp\/v2\/comments?post=88616"}],"version-history":[{"count":1,"href":"https:\/\/eldiariodesanpedro.com.ar\/sitio\/wp-json\/wp\/v2\/posts\/88616\/revisions"}],"predecessor-version":[{"id":88623,"href":"https:\/\/eldiariodesanpedro.com.ar\/sitio\/wp-json\/wp\/v2\/posts\/88616\/revisions\/88623"}],"wp:featuredmedia":[{"embeddable":true,"href":"https:\/\/eldiariodesanpedro.com.ar\/sitio\/wp-json\/wp\/v2\/media\/88620"}],"wp:attachment":[{"href":"https:\/\/eldiariodesanpedro.com.ar\/sitio\/wp-json\/wp\/v2\/media?parent=88616"}],"wp:term":[{"taxonomy":"category","embeddable":true,"href":"https:\/\/eldiariodesanpedro.com.ar\/sitio\/wp-json\/wp\/v2\/categories?post=88616"},{"taxonomy":"post_tag","embeddable":true,"href":"https:\/\/eldiariodesanpedro.com.ar\/sitio\/wp-json\/wp\/v2\/tags?post=88616"}],"curies":[{"name":"wp","href":"https:\/\/api.w.org\/{rel}","templated":true}]}}