{"id":88608,"date":"2021-03-04T13:13:42","date_gmt":"2021-03-04T16:13:42","guid":{"rendered":"https:\/\/eldiariodesanpedro.com.ar\/sitio\/?p=88608"},"modified":"2021-03-04T13:16:41","modified_gmt":"2021-03-04T16:16:41","slug":"murio-el-hombre-que-fue-baleado-en-una-discusion-entre-vecinos-en-la-tosquera","status":"publish","type":"post","link":"https:\/\/eldiariodesanpedro.com.ar\/sitio\/murio-el-hombre-que-fue-baleado-en-una-discusion-entre-vecinos-en-la-tosquera\/","title":{"rendered":"Muri\u00f3 el hombre que fue baleado en una discusi\u00f3n entre vecinos en La Tosquera"},"content":{"rendered":"<!-- VideographyWP Plugin Message: Automatic video embedding prevented by plugin options. -->\n\n<p>El pasado s\u00e1bado en horas de la madrugada se hab\u00eda realizado la denuncia de un ciudadano que a trav\u00e9s del 911 una persona mayor de edad se encontraba herido por un disparo de un arma de fuego por lo que se hizo presente una ambulancia en el lugar para trasladarlo hasta el nosocomio local.<\/p>\n\n\n\n<p>En la jornada de hoy tras complicaciones falleci\u00f3 Jos\u00e9 \u00c1ngel Weis, de 48 a\u00f1os, quien recibi\u00f3 un disparo de arma de fuego el pasado s\u00e1bado en horas de la madrugada cuando se encontraba con un vecino compartiendo una bebida y por motivos que se tratan de establecer comienza una discusi\u00f3n donde Alejandro Jonathan Pav\u00f3n, de 24 a\u00f1os le realiza un disparo en la zona abdominal.<\/p>\n\n\n\n<p>Horas mas tarde la polic\u00eda tras tareas de investigaci\u00f3n pudieron dar con el atacante quien fue detenido y trasladado a la comisaria local donde aun permanece alojado.<\/p>\n\n\n\n<p>Al otro d\u00eda de lo sucedido el hecho la polic\u00eda hab\u00eda realizado un allanamiento en la vivienda del detenido para dar con el arma utilizada por el agresor y se pudo secuestrar una escopeta calibre 14.<\/p>\n\n\n\n<p>La causa esta cargo de la Fiscala Dr. Viviana Ramos y pasara de estar caratulada de intento de homicidio a homicidio.<\/p>\n","protected":false},"excerpt":{"rendered":"<p>El pasado s\u00e1bado en horas de la madrugada se hab\u00eda realizado la denuncia de un ciudadano que a trav\u00e9s del 911 una persona mayor de edad se encontraba herido por un disparo de un arma de fuego por lo que se hizo presente una ambulancia en el lugar para trasladarlo hasta el nosocomio local. En [&hellip;]<\/p>\n","protected":false},"author":4,"featured_media":88609,"comment_status":"open","ping_status":"closed","sticky":false,"template":"","format":"standard","meta":{"om_disable_all_campaigns":false,"_jetpack_memberships_contains_paid_content":false,"footnotes":""},"categories":[50,2,103],"tags":[],"class_list":["post-88608","post","type-post","status-publish","format-standard","has-post-thumbnail","hentry","category-destacadas","category-locales","category-policiales-locales"],"aioseo_notices":[],"gutentor_comment":0,"jetpack_featured_media_url":"https:\/\/eldiariodesanpedro.com.ar\/sitio\/wp-content\/uploads\/2021\/03\/WhatsApp-Image-2021-02-27-at-15.20.56.jpeg","jetpack_shortlink":"https:\/\/wp.me\/p6RhLt-n3a","jetpack_sharing_enabled":true,"_links":{"self":[{"href":"https:\/\/eldiariodesanpedro.com.ar\/sitio\/wp-json\/wp\/v2\/posts\/88608","targetHints":{"allow":["GET"]}}],"collection":[{"href":"https:\/\/eldiariodesanpedro.com.ar\/sitio\/wp-json\/wp\/v2\/posts"}],"about":[{"href":"https:\/\/eldiariodesanpedro.com.ar\/sitio\/wp-json\/wp\/v2\/types\/post"}],"author":[{"embeddable":true,"href":"https:\/\/eldiariodesanpedro.com.ar\/sitio\/wp-json\/wp\/v2\/users\/4"}],"replies":[{"embeddable":true,"href":"https:\/\/eldiariodesanpedro.com.ar\/sitio\/wp-json\/wp\/v2\/comments?post=88608"}],"version-history":[{"count":2,"href":"https:\/\/eldiariodesanpedro.com.ar\/sitio\/wp-json\/wp\/v2\/posts\/88608\/revisions"}],"predecessor-version":[{"id":88611,"href":"https:\/\/eldiariodesanpedro.com.ar\/sitio\/wp-json\/wp\/v2\/posts\/88608\/revisions\/88611"}],"wp:featuredmedia":[{"embeddable":true,"href":"https:\/\/eldiariodesanpedro.com.ar\/sitio\/wp-json\/wp\/v2\/media\/88609"}],"wp:attachment":[{"href":"https:\/\/eldiariodesanpedro.com.ar\/sitio\/wp-json\/wp\/v2\/media?parent=88608"}],"wp:term":[{"taxonomy":"category","embeddable":true,"href":"https:\/\/eldiariodesanpedro.com.ar\/sitio\/wp-json\/wp\/v2\/categories?post=88608"},{"taxonomy":"post_tag","embeddable":true,"href":"https:\/\/eldiariodesanpedro.com.ar\/sitio\/wp-json\/wp\/v2\/tags?post=88608"}],"curies":[{"name":"wp","href":"https:\/\/api.w.org\/{rel}","templated":true}]}}