{"id":88604,"date":"2021-03-04T12:54:07","date_gmt":"2021-03-04T15:54:07","guid":{"rendered":"https:\/\/eldiariodesanpedro.com.ar\/sitio\/?p=88604"},"modified":"2021-03-05T19:16:21","modified_gmt":"2021-03-05T22:16:21","slug":"edicto-de-sucesion-de-susana-celia-rabuffetti","status":"publish","type":"post","link":"https:\/\/eldiariodesanpedro.com.ar\/sitio\/edicto-de-sucesion-de-susana-celia-rabuffetti\/","title":{"rendered":"Edicto de Sucesi\u00f3n de Susana Celia Rabuffetti"},"content":{"rendered":"<!-- VideographyWP Plugin Message: Automatic video embedding prevented by plugin options. -->\n\n<p>El Juzgado de Paz de la localidad de San Pedro, Provincia de Buenos Aires, del Departamento Judicial de San Nicol\u00e1s, sito en la calle Belgrano intersecci\u00f3n Lavalle interinamente a cargo del Dr. Ra\u00fal E. Garcia y secretaria a cargo del Dr. Facundo Vell\u00f3n en los autos caratulados <strong>Rabuffetti Susana Celia<\/strong> (Expte. No 340\/2020), que tramitan ante este juzgado, cita y emplaza por 30 d\u00edas corridos a todos los que se consideren con derecho a los bienes dejados por <strong>Susana Celia Rabuffetti.-<\/strong> San Pedro, 18 de febrero de 2021.-<\/p>\n\n\n\n<p>DR. FACUNDO VELLON<br>ABOGADO SECRETARIO&nbsp;<\/p>\n","protected":false},"excerpt":{"rendered":"<p>El Juzgado de Paz de la localidad de San Pedro, Provincia de Buenos Aires, del Departamento Judicial de San Nicol\u00e1s, sito en la calle Belgrano intersecci\u00f3n Lavalle interinamente a cargo del Dr. Ra\u00fal E. Garcia y secretaria a cargo del Dr. Facundo Vell\u00f3n en los autos caratulados Rabuffetti Susana Celia (Expte. No 340\/2020), que tramitan [&hellip;]<\/p>\n","protected":false},"author":4,"featured_media":81115,"comment_status":"open","ping_status":"closed","sticky":false,"template":"","format":"standard","meta":{"om_disable_all_campaigns":false,"_jetpack_memberships_contains_paid_content":false,"footnotes":""},"categories":[676,677],"tags":[2111,2154],"class_list":["post-88604","post","type-post","status-publish","format-standard","has-post-thumbnail","hentry","category-edictos","category-edictos-sucesorios","tag-edicto-de-sucesion","tag-susana-celia-rabuffetti"],"aioseo_notices":[],"gutentor_comment":0,"jetpack_featured_media_url":"https:\/\/eldiariodesanpedro.com.ar\/sitio\/wp-content\/uploads\/2020\/09\/Poder-Judicial.jpg","jetpack_shortlink":"https:\/\/wp.me\/p6RhLt-n36","jetpack_sharing_enabled":true,"_links":{"self":[{"href":"https:\/\/eldiariodesanpedro.com.ar\/sitio\/wp-json\/wp\/v2\/posts\/88604","targetHints":{"allow":["GET"]}}],"collection":[{"href":"https:\/\/eldiariodesanpedro.com.ar\/sitio\/wp-json\/wp\/v2\/posts"}],"about":[{"href":"https:\/\/eldiariodesanpedro.com.ar\/sitio\/wp-json\/wp\/v2\/types\/post"}],"author":[{"embeddable":true,"href":"https:\/\/eldiariodesanpedro.com.ar\/sitio\/wp-json\/wp\/v2\/users\/4"}],"replies":[{"embeddable":true,"href":"https:\/\/eldiariodesanpedro.com.ar\/sitio\/wp-json\/wp\/v2\/comments?post=88604"}],"version-history":[{"count":3,"href":"https:\/\/eldiariodesanpedro.com.ar\/sitio\/wp-json\/wp\/v2\/posts\/88604\/revisions"}],"predecessor-version":[{"id":88681,"href":"https:\/\/eldiariodesanpedro.com.ar\/sitio\/wp-json\/wp\/v2\/posts\/88604\/revisions\/88681"}],"wp:featuredmedia":[{"embeddable":true,"href":"https:\/\/eldiariodesanpedro.com.ar\/sitio\/wp-json\/wp\/v2\/media\/81115"}],"wp:attachment":[{"href":"https:\/\/eldiariodesanpedro.com.ar\/sitio\/wp-json\/wp\/v2\/media?parent=88604"}],"wp:term":[{"taxonomy":"category","embeddable":true,"href":"https:\/\/eldiariodesanpedro.com.ar\/sitio\/wp-json\/wp\/v2\/categories?post=88604"},{"taxonomy":"post_tag","embeddable":true,"href":"https:\/\/eldiariodesanpedro.com.ar\/sitio\/wp-json\/wp\/v2\/tags?post=88604"}],"curies":[{"name":"wp","href":"https:\/\/api.w.org\/{rel}","templated":true}]}}