{"id":88593,"date":"2021-03-04T12:28:46","date_gmt":"2021-03-04T15:28:46","guid":{"rendered":"https:\/\/eldiariodesanpedro.com.ar\/sitio\/?p=88593"},"modified":"2021-03-04T12:28:51","modified_gmt":"2021-03-04T15:28:51","slug":"ramallo-por-un-bloqueo-hay-mas-de-un-millon-de-kilos-de-carne-en-riesgo-de-perderse-en-el-frigorifico-de-ramallo","status":"publish","type":"post","link":"https:\/\/eldiariodesanpedro.com.ar\/sitio\/ramallo-por-un-bloqueo-hay-mas-de-un-millon-de-kilos-de-carne-en-riesgo-de-perderse-en-el-frigorifico-de-ramallo\/","title":{"rendered":"RAMALLO | Por un bloqueo: hay m\u00e1s de un mill\u00f3n de kilos de carne en riesgo de perderse en el frigor\u00edfico de Ramallo"},"content":{"rendered":"<!-- VideographyWP Plugin Message: Automatic video embedding prevented by plugin options. -->\n\n<p>Hubo una reuni\u00f3n entre las partes en conflicto en el Ministerio de Trabajo de la Naci\u00f3n, pero sin resultados; ma\u00f1ana se har\u00e1 otro encuentro.<\/p>\n\n\n\n<p>M\u00e1s de&nbsp;mill\u00f3n de kilos de carne enfriada en c\u00e1maras en la planta del frigor\u00edfico ArreBeef corren riesgo de echarse a perder.&nbsp;Son alrededor de 50 camiones que esperan que la Justicia dicte una orden que permita el retiro del establecimiento frigor\u00edfico de&nbsp;unos 1.250.000 kilos de carne vacuna, faenada semanas atr\u00e1s.<\/p>\n\n\n\n<p>En medio de una disputa gremial interna en ArreBeef, que llev\u00f3 al cese de operaciones y el posterior anuncio del cierre por parte de su due\u00f1o Hugo Borrel, ya lleva&nbsp;seis d\u00edas de bloqueo total en la planta ubicada en P\u00e9rez Mill\u00e1n, en el partido bonaerense de Ramallo.<\/p>\n\n\n\n<p>Ads by<\/p>\n\n\n\n<p>Fuentes cercanas a la empresa dijeron que hasta el momento&nbsp;solo se pudo sacar un cami\u00f3n&nbsp;con unos 25.000 kilos&nbsp;y que hoy \u201cel grupo de activistas no solo no permiti\u00f3 el acceso al lugar del personal administrativo, sino que adem\u00e1s tomaron el sindicato local de P\u00e9rez Mill\u00e1n\u201d.<\/p>\n\n\n\n<p>\u201cSe est\u00e1 cometiendo un delito penal, se est\u00e1 obstruyendo la actividad\u201d, indicaron las fuentes vinculadas con la empresa. Adem\u00e1s, a\u00f1adieron que la carne que est\u00e1 en c\u00e1mara y no puede ser retirada del establecimiento&nbsp;\u201ces para hacer frente a los pagos que la empresa tiene pendiente y as\u00ed no afectar la cadena de pagos\u201d.<\/p>\n\n\n\n<p>Por su parte, fuentes del Ministerio de Trabajo de la Naci\u00f3n informaron que una reuni\u00f3n organizada ayer por la tarde por esa cartera para tratar de acercar a las partes no logr\u00f3 destrabar el conflicto y la medida de protesta contin\u00faa.&nbsp;\u201cEst\u00e1 trabado porque no es un problema laboral y la empresa est\u00e1 con los sueldos al d\u00eda, es una interna sindical. Intervenimos por pedido del Ministerio (de Trabajo) de la provincia. Es una empresa importante que tiene 1000 empleados en un pueblo de 4000 habitantes\u201d, dijeron.<\/p>\n\n\n\n<p>En ArreBeef informaron que la relaci\u00f3n con la Federaci\u00f3n de la Carne, que lidera Beto Fantini, es muy buena. \u201cMantenemos muy buen di\u00e1logo con ellos y ambos queremos encauzar el conflicto, pero necesitamos, como condiciones m\u00ednimas para empezar a negociar, que liberen el bloqueo\u201d, indicaron.<\/p>\n\n\n\n<p>En este contexto, ayer&nbsp;se hizo presente en el lugar el diputado Nicol\u00e1s del Ca\u00f1o&nbsp;para brindar apoyo a los manifestantes.<\/p>\n\n\n\n<p>Por otro lado,&nbsp;un grupo de sociedades rurales del norte bonaerense,&nbsp;a trav\u00e9s de un comunicado, mostraron&nbsp;\u201csu solidaridad con todos los afectados por esta angustiante situaci\u00f3n y con el hecho de que una empresa centenaria como Arrebeef SA cierre definitivamente sus puertas\u201d.<\/p>\n\n\n\n<p>LA INDUSTRIA FRIGOR\u00cdFICA EXPORTADORA BUSCA SORTEAR LAS DIFICULTADES DEL MOMENTO AGUARDANDO UN REPUNTE<\/p>\n\n\n\n<p>Asimismo, las rurales&nbsp;instaron a que se intervenga \u201cde manera efectiva&nbsp;y muy urgente en salvaguarda de las fuentes de trabajo y los intereses de los cientos de trabajadores que a diario transitan sus instalaciones, de los vecinos, los productores y la comunidad de P\u00e9rez Mill\u00e1n en su conjunto\u201d.<\/p>\n\n\n\n<p>El documento lo firmaron entidades de San Pedro, Rojas, Salto, Pergamino, General Rodr\u00edguez, Exaltaci\u00f3n de la Cruz-Campana-Z\u00e1rate, San Antonio de Areco, Capit\u00e1n Sarmiento, Arrecifes, Baradero, Col\u00f3n y Carmen de Areco<\/p>\n\n\n\n<p>El conflicto comenz\u00f3 el martes 23 de febrero cuando un sector de la plantilla de trabajadores decidi\u00f3 dejar de trabajar en la planta por una disputa gremial en donde ped\u00edan elecciones en el sindicato.&nbsp;Al d\u00eda siguiente se dict\u00f3 la conciliaci\u00f3n obligatoria pero no fue acatada por un grupo de trabajadores. El viernes pasado, Borrel comunic\u00f3 a los empleados el cierre definitivo del frigor\u00edfico exportador.<\/p>\n\n\n\n<p>\u201cMe encuentro con un problema que no puedo resolver. Lamentablemente tengo que informarles que ArreBeef ha dejado de funcionar, no va a trabajar m\u00e1s.&nbsp;Esta decisi\u00f3n la he tomado yo con una gran pelea familiar, no quiero que mis hijos sufran\u201d, dijo el empresario de 74 a\u00f1os.<\/p>\n\n\n\n<p>\u201cLa decisi\u00f3n la tom\u00e9 en conciliaci\u00f3n obligatoria. Esta situaci\u00f3n no se va a revertir, venga quien venga.&nbsp;Esta f\u00e1brica va a dejar de funcionar, no tiene marcha atr\u00e1s\u201d,&nbsp;les remarc\u00f3 ese d\u00eda por la tarde.<\/p>\n\n\n\n<p>Seg\u00fan dijeron en la cartera de Trabajo de la Naci\u00f3n, para ma\u00f1ana nuevamente est\u00e1n citadas las partes a una reuni\u00f3n.<\/p>\n\n\n\n<p>Fuente: La Noci\u00f3n<\/p>\n","protected":false},"excerpt":{"rendered":"<p>Hubo una reuni\u00f3n entre las partes en conflicto en el Ministerio de Trabajo de la Naci\u00f3n, pero sin resultados; ma\u00f1ana se har\u00e1 otro encuentro. M\u00e1s de&nbsp;mill\u00f3n de kilos de carne enfriada en c\u00e1maras en la planta del frigor\u00edfico ArreBeef corren riesgo de echarse a perder.&nbsp;Son alrededor de 50 camiones que esperan que la Justicia dicte [&hellip;]<\/p>\n","protected":false},"author":4,"featured_media":88594,"comment_status":"open","ping_status":"closed","sticky":false,"template":"","format":"standard","meta":{"om_disable_all_campaigns":false,"_jetpack_memberships_contains_paid_content":false,"footnotes":""},"categories":[621],"tags":[],"class_list":["post-88593","post","type-post","status-publish","format-standard","has-post-thumbnail","hentry","category-regionales"],"aioseo_notices":[],"gutentor_comment":0,"jetpack_featured_media_url":"https:\/\/eldiariodesanpedro.com.ar\/sitio\/wp-content\/uploads\/2021\/03\/ixikxqpaingorjwrtgy4z2q5i4.jpeg","jetpack_shortlink":"https:\/\/wp.me\/p6RhLt-n2V","jetpack_sharing_enabled":true,"_links":{"self":[{"href":"https:\/\/eldiariodesanpedro.com.ar\/sitio\/wp-json\/wp\/v2\/posts\/88593","targetHints":{"allow":["GET"]}}],"collection":[{"href":"https:\/\/eldiariodesanpedro.com.ar\/sitio\/wp-json\/wp\/v2\/posts"}],"about":[{"href":"https:\/\/eldiariodesanpedro.com.ar\/sitio\/wp-json\/wp\/v2\/types\/post"}],"author":[{"embeddable":true,"href":"https:\/\/eldiariodesanpedro.com.ar\/sitio\/wp-json\/wp\/v2\/users\/4"}],"replies":[{"embeddable":true,"href":"https:\/\/eldiariodesanpedro.com.ar\/sitio\/wp-json\/wp\/v2\/comments?post=88593"}],"version-history":[{"count":1,"href":"https:\/\/eldiariodesanpedro.com.ar\/sitio\/wp-json\/wp\/v2\/posts\/88593\/revisions"}],"predecessor-version":[{"id":88595,"href":"https:\/\/eldiariodesanpedro.com.ar\/sitio\/wp-json\/wp\/v2\/posts\/88593\/revisions\/88595"}],"wp:featuredmedia":[{"embeddable":true,"href":"https:\/\/eldiariodesanpedro.com.ar\/sitio\/wp-json\/wp\/v2\/media\/88594"}],"wp:attachment":[{"href":"https:\/\/eldiariodesanpedro.com.ar\/sitio\/wp-json\/wp\/v2\/media?parent=88593"}],"wp:term":[{"taxonomy":"category","embeddable":true,"href":"https:\/\/eldiariodesanpedro.com.ar\/sitio\/wp-json\/wp\/v2\/categories?post=88593"},{"taxonomy":"post_tag","embeddable":true,"href":"https:\/\/eldiariodesanpedro.com.ar\/sitio\/wp-json\/wp\/v2\/tags?post=88593"}],"curies":[{"name":"wp","href":"https:\/\/api.w.org\/{rel}","templated":true}]}}