{"id":88590,"date":"2021-03-04T12:09:12","date_gmt":"2021-03-04T15:09:12","guid":{"rendered":"https:\/\/eldiariodesanpedro.com.ar\/sitio\/?p=88590"},"modified":"2021-03-04T12:09:16","modified_gmt":"2021-03-04T15:09:16","slug":"baradero-mataron-a-golpes-una-perrita-que-era-buscada-por-su-familia","status":"publish","type":"post","link":"https:\/\/eldiariodesanpedro.com.ar\/sitio\/baradero-mataron-a-golpes-una-perrita-que-era-buscada-por-su-familia\/","title":{"rendered":"BARADERO | Mataron a golpes una perrita que era buscada por su familia"},"content":{"rendered":"<!-- VideographyWP Plugin Message: Automatic video embedding prevented by plugin options. -->\n\n<p>Una familia estaba buscando sin parar a su perrita y la encontraron ayer muerta en una bolsa.<\/p>\n\n\n\n<p>Brisa Lamberg, due\u00f1a de la perra, muy dolida nos cuenta lo sucedido.<\/p>\n\n\n\n<p>Ella vive en Guiraldes entre Del Corro y Mitre y encontraron a su mascota cerca del domicilio en Del Corro y las vias.&nbsp;<\/p>\n\n\n\n<p>\u00abSe me pierde el 1 de marzo hace tres d\u00edas cuando yo estaba aislada y no pod\u00eda salir a buscarla\u00bb.<\/p>\n\n\n\n<p>\u00abLo publiqu\u00e9 para que me ayuden, los vecinos la hab\u00edan visto hac\u00eda horas.\u00bb<\/p>\n\n\n\n<p>\u00abAl otro d\u00eda ya me dieron el alta, hablo con una persona que me dice donde estaba, me paso el dato y la fuimos a buscar\u00bb.<\/p>\n\n\n\n<p>\u00abmi vecino y hermano de mi cu\u00f1ado, Luciano Good me la mato a garrotazos\u00bb.<\/p>\n\n\n\n<p>\u00abvenimos con problemas de vieja data con este sujeto, se empastilla y hace problemas, amenzada y maltrata. Hace rato que venimos haciendo denuncias ya no sabemos que hacer\u00bb.<\/p>\n\n\n\n<p>\u00ab\u00c9l robo en remi ring hace unas semanas y a un vecino del barrio. Esta persona trabajando en Apand\u00bb.<\/p>\n\n\n\n<p>Fuente: <a href=\"https:\/\/www.facebook.com\/fmtiempo1035\">Fm Tiempo<\/a><\/p>\n\n\n\n<p><a href=\"https:\/\/www.facebook.com\/fmtiempo1035\/photos\/pcb.1649231451931518\/1649231425264854\/?__cft__[0]=AZU5JwhfRVWXKBxdX65UVO0dA_mI_TRluDstLdzCHTyvlg_lrI_Kprt1BmYE-FCSnYOgYQsZY6TaupWHoctlnMM9fQ_HgAUPrNzuwbLcH1K6gNlrNxawovuYYeGR52RqsvCVrax_jbxs9M0HnlhLbE3y&amp;__tn__=*bH-R\"><\/a><\/p>\n","protected":false},"excerpt":{"rendered":"<p>Una familia estaba buscando sin parar a su perrita y la encontraron ayer muerta en una bolsa. Brisa Lamberg, due\u00f1a de la perra, muy dolida nos cuenta lo sucedido. Ella vive en Guiraldes entre Del Corro y Mitre y encontraron a su mascota cerca del domicilio en Del Corro y las vias.&nbsp; \u00abSe me pierde [&hellip;]<\/p>\n","protected":false},"author":4,"featured_media":88591,"comment_status":"open","ping_status":"closed","sticky":false,"template":"","format":"standard","meta":{"om_disable_all_campaigns":false,"_jetpack_memberships_contains_paid_content":false,"footnotes":""},"categories":[621],"tags":[],"class_list":["post-88590","post","type-post","status-publish","format-standard","has-post-thumbnail","hentry","category-regionales"],"aioseo_notices":[],"gutentor_comment":1,"jetpack_featured_media_url":"https:\/\/eldiariodesanpedro.com.ar\/sitio\/wp-content\/uploads\/2021\/03\/Sin-titulo-1-1.jpg","jetpack_shortlink":"https:\/\/wp.me\/p6RhLt-n2S","jetpack_sharing_enabled":true,"_links":{"self":[{"href":"https:\/\/eldiariodesanpedro.com.ar\/sitio\/wp-json\/wp\/v2\/posts\/88590","targetHints":{"allow":["GET"]}}],"collection":[{"href":"https:\/\/eldiariodesanpedro.com.ar\/sitio\/wp-json\/wp\/v2\/posts"}],"about":[{"href":"https:\/\/eldiariodesanpedro.com.ar\/sitio\/wp-json\/wp\/v2\/types\/post"}],"author":[{"embeddable":true,"href":"https:\/\/eldiariodesanpedro.com.ar\/sitio\/wp-json\/wp\/v2\/users\/4"}],"replies":[{"embeddable":true,"href":"https:\/\/eldiariodesanpedro.com.ar\/sitio\/wp-json\/wp\/v2\/comments?post=88590"}],"version-history":[{"count":1,"href":"https:\/\/eldiariodesanpedro.com.ar\/sitio\/wp-json\/wp\/v2\/posts\/88590\/revisions"}],"predecessor-version":[{"id":88592,"href":"https:\/\/eldiariodesanpedro.com.ar\/sitio\/wp-json\/wp\/v2\/posts\/88590\/revisions\/88592"}],"wp:featuredmedia":[{"embeddable":true,"href":"https:\/\/eldiariodesanpedro.com.ar\/sitio\/wp-json\/wp\/v2\/media\/88591"}],"wp:attachment":[{"href":"https:\/\/eldiariodesanpedro.com.ar\/sitio\/wp-json\/wp\/v2\/media?parent=88590"}],"wp:term":[{"taxonomy":"category","embeddable":true,"href":"https:\/\/eldiariodesanpedro.com.ar\/sitio\/wp-json\/wp\/v2\/categories?post=88590"},{"taxonomy":"post_tag","embeddable":true,"href":"https:\/\/eldiariodesanpedro.com.ar\/sitio\/wp-json\/wp\/v2\/tags?post=88590"}],"curies":[{"name":"wp","href":"https:\/\/api.w.org\/{rel}","templated":true}]}}