{"id":88587,"date":"2021-03-04T11:51:54","date_gmt":"2021-03-04T14:51:54","guid":{"rendered":"https:\/\/eldiariodesanpedro.com.ar\/sitio\/?p=88587"},"modified":"2021-03-04T11:52:00","modified_gmt":"2021-03-04T14:52:00","slug":"ramallo-trabajadores-de-arrebeef-tomaron-la-sede-del-sindicato-de-la-carne","status":"publish","type":"post","link":"https:\/\/eldiariodesanpedro.com.ar\/sitio\/ramallo-trabajadores-de-arrebeef-tomaron-la-sede-del-sindicato-de-la-carne\/","title":{"rendered":"RAMALLO | Trabajadores de ArreBeef tomaron la sede del Sindicato de la Carne"},"content":{"rendered":"<!-- VideographyWP Plugin Message: Automatic video embedding prevented by plugin options. -->\n\n<p>Los trabajadores decidieron tomar la sede del Sindicato de la Carne en P\u00e9rez Mill\u00e1n, ante la negativa de dejarlos participar de la mesa de negociaci\u00f3n.<\/p>\n\n\n\n<p>Este martes iban a reunirse representantes legales de la empresa con los trabajadores en una mesa de dialogo, propiciada por el Ministerio de Trabajo de Provincia, pero s\u00f3lo se present\u00f3 la Federaci\u00f3n de la Carne.<\/p>\n\n\n\n<p>Si bien la reuni\u00f3n termino fracasando, no cay\u00f3 bien en los trabajadores que est\u00e1n acampando frente a las puertas de la planta, porque no se sientes \u201crepresentados por el gremio\u201d.<\/p>\n\n\n\n<p>Ante ello, en la ma\u00f1ana de este mi\u00e9rcoles decidieron tomar la sede sindical. La mayor\u00eda son afiliados y desconocen a las autoridades actuales, que radicaron una denuncia en la Subcomisaria de P\u00e9rez Mill\u00e1n por la toma.<\/p>\n\n\n\n<p>Fuente: <a href=\"http:\/\/www.ramallociudad.com.ar\/nota.asp?id=162333&amp;t=Trabajadores-de-ArreBeef-tomaron-la-sede-del-Sindicato-de-la-Carne\">Ramallo Ciudad<\/a><\/p>\n","protected":false},"excerpt":{"rendered":"<p>Los trabajadores decidieron tomar la sede del Sindicato de la Carne en P\u00e9rez Mill\u00e1n, ante la negativa de dejarlos participar de la mesa de negociaci\u00f3n. Este martes iban a reunirse representantes legales de la empresa con los trabajadores en una mesa de dialogo, propiciada por el Ministerio de Trabajo de Provincia, pero s\u00f3lo se present\u00f3 [&hellip;]<\/p>\n","protected":false},"author":4,"featured_media":88588,"comment_status":"open","ping_status":"closed","sticky":false,"template":"","format":"standard","meta":{"om_disable_all_campaigns":false,"_jetpack_memberships_contains_paid_content":false,"footnotes":""},"categories":[621],"tags":[],"class_list":["post-88587","post","type-post","status-publish","format-standard","has-post-thumbnail","hentry","category-regionales"],"aioseo_notices":[],"gutentor_comment":0,"jetpack_featured_media_url":"https:\/\/eldiariodesanpedro.com.ar\/sitio\/wp-content\/uploads\/2021\/03\/bbx_970884150_1_toma_sindicato_de_la_carne.jpg","jetpack_shortlink":"https:\/\/wp.me\/p6RhLt-n2P","jetpack_sharing_enabled":true,"_links":{"self":[{"href":"https:\/\/eldiariodesanpedro.com.ar\/sitio\/wp-json\/wp\/v2\/posts\/88587","targetHints":{"allow":["GET"]}}],"collection":[{"href":"https:\/\/eldiariodesanpedro.com.ar\/sitio\/wp-json\/wp\/v2\/posts"}],"about":[{"href":"https:\/\/eldiariodesanpedro.com.ar\/sitio\/wp-json\/wp\/v2\/types\/post"}],"author":[{"embeddable":true,"href":"https:\/\/eldiariodesanpedro.com.ar\/sitio\/wp-json\/wp\/v2\/users\/4"}],"replies":[{"embeddable":true,"href":"https:\/\/eldiariodesanpedro.com.ar\/sitio\/wp-json\/wp\/v2\/comments?post=88587"}],"version-history":[{"count":1,"href":"https:\/\/eldiariodesanpedro.com.ar\/sitio\/wp-json\/wp\/v2\/posts\/88587\/revisions"}],"predecessor-version":[{"id":88589,"href":"https:\/\/eldiariodesanpedro.com.ar\/sitio\/wp-json\/wp\/v2\/posts\/88587\/revisions\/88589"}],"wp:featuredmedia":[{"embeddable":true,"href":"https:\/\/eldiariodesanpedro.com.ar\/sitio\/wp-json\/wp\/v2\/media\/88588"}],"wp:attachment":[{"href":"https:\/\/eldiariodesanpedro.com.ar\/sitio\/wp-json\/wp\/v2\/media?parent=88587"}],"wp:term":[{"taxonomy":"category","embeddable":true,"href":"https:\/\/eldiariodesanpedro.com.ar\/sitio\/wp-json\/wp\/v2\/categories?post=88587"},{"taxonomy":"post_tag","embeddable":true,"href":"https:\/\/eldiariodesanpedro.com.ar\/sitio\/wp-json\/wp\/v2\/tags?post=88587"}],"curies":[{"name":"wp","href":"https:\/\/api.w.org\/{rel}","templated":true}]}}