{"id":88580,"date":"2021-03-04T11:41:46","date_gmt":"2021-03-04T14:41:46","guid":{"rendered":"https:\/\/eldiariodesanpedro.com.ar\/sitio\/?p=88580"},"modified":"2021-03-04T11:41:51","modified_gmt":"2021-03-04T14:41:51","slug":"arrecifes-la-ciudad-es-una-de-las-primeras-de-la-region-en-volver-a-fase-5","status":"publish","type":"post","link":"https:\/\/eldiariodesanpedro.com.ar\/sitio\/arrecifes-la-ciudad-es-una-de-las-primeras-de-la-region-en-volver-a-fase-5\/","title":{"rendered":"ARRECIFES | La ciudad es una de las primeras de la region en volver a fase 5"},"content":{"rendered":"<!-- VideographyWP Plugin Message: Automatic video embedding prevented by plugin options. -->\n\n<p>La Municipalidad de Arrecifes informa que de acuerdo al an\u00e1lisis semanal del gobierno de la provincia de Buenos Aires, respecto a la situaci\u00f3n epidemiol\u00f3gica de cada municipio bonaerense, el distrito pasa a Fase 5 en la administraci\u00f3n del distanciamiento social, preventivo y obligatorio.<\/p>\n\n\n\n<p>Solo 24 municipios, esta semana, se encuentran en Fase 5, mientras que 111 permanecen en Fase 4.<\/p>\n\n\n\n<p>El esfuerzo sigue valiendo la pena. Es muy importante que nos sigamos cuidando entre nosotros.<\/p>\n\n\n\n<p>Fuente: <a href=\"https:\/\/arrecifesnoticias.com\/nacionales\/arrecifes-volvio-a-fase-5\/\">Arrecifes Noticias<\/a><\/p>\n","protected":false},"excerpt":{"rendered":"<p>La Municipalidad de Arrecifes informa que de acuerdo al an\u00e1lisis semanal del gobierno de la provincia de Buenos Aires, respecto a la situaci\u00f3n epidemiol\u00f3gica de cada municipio bonaerense, el distrito pasa a Fase 5 en la administraci\u00f3n del distanciamiento social, preventivo y obligatorio. Solo 24 municipios, esta semana, se encuentran en Fase 5, mientras que [&hellip;]<\/p>\n","protected":false},"author":4,"featured_media":88581,"comment_status":"open","ping_status":"closed","sticky":false,"template":"","format":"standard","meta":{"om_disable_all_campaigns":false,"_jetpack_memberships_contains_paid_content":false,"footnotes":""},"categories":[621],"tags":[],"class_list":["post-88580","post","type-post","status-publish","format-standard","has-post-thumbnail","hentry","category-regionales"],"aioseo_notices":[],"gutentor_comment":0,"jetpack_featured_media_url":"https:\/\/eldiariodesanpedro.com.ar\/sitio\/wp-content\/uploads\/2021\/03\/Arrecifes-Fase-5-883x510-1.jpg","jetpack_shortlink":"https:\/\/wp.me\/p6RhLt-n2I","jetpack_sharing_enabled":true,"_links":{"self":[{"href":"https:\/\/eldiariodesanpedro.com.ar\/sitio\/wp-json\/wp\/v2\/posts\/88580","targetHints":{"allow":["GET"]}}],"collection":[{"href":"https:\/\/eldiariodesanpedro.com.ar\/sitio\/wp-json\/wp\/v2\/posts"}],"about":[{"href":"https:\/\/eldiariodesanpedro.com.ar\/sitio\/wp-json\/wp\/v2\/types\/post"}],"author":[{"embeddable":true,"href":"https:\/\/eldiariodesanpedro.com.ar\/sitio\/wp-json\/wp\/v2\/users\/4"}],"replies":[{"embeddable":true,"href":"https:\/\/eldiariodesanpedro.com.ar\/sitio\/wp-json\/wp\/v2\/comments?post=88580"}],"version-history":[{"count":1,"href":"https:\/\/eldiariodesanpedro.com.ar\/sitio\/wp-json\/wp\/v2\/posts\/88580\/revisions"}],"predecessor-version":[{"id":88582,"href":"https:\/\/eldiariodesanpedro.com.ar\/sitio\/wp-json\/wp\/v2\/posts\/88580\/revisions\/88582"}],"wp:featuredmedia":[{"embeddable":true,"href":"https:\/\/eldiariodesanpedro.com.ar\/sitio\/wp-json\/wp\/v2\/media\/88581"}],"wp:attachment":[{"href":"https:\/\/eldiariodesanpedro.com.ar\/sitio\/wp-json\/wp\/v2\/media?parent=88580"}],"wp:term":[{"taxonomy":"category","embeddable":true,"href":"https:\/\/eldiariodesanpedro.com.ar\/sitio\/wp-json\/wp\/v2\/categories?post=88580"},{"taxonomy":"post_tag","embeddable":true,"href":"https:\/\/eldiariodesanpedro.com.ar\/sitio\/wp-json\/wp\/v2\/tags?post=88580"}],"curies":[{"name":"wp","href":"https:\/\/api.w.org\/{rel}","templated":true}]}}