{"id":88577,"date":"2021-03-04T11:39:35","date_gmt":"2021-03-04T14:39:35","guid":{"rendered":"https:\/\/eldiariodesanpedro.com.ar\/sitio\/?p=88577"},"modified":"2021-03-04T11:39:39","modified_gmt":"2021-03-04T14:39:39","slug":"arrecifes-denunciado-que-golpeo-a-su-mujer-embarazada-de-5-meses-hasta-hacerle-perder-el-bebe","status":"publish","type":"post","link":"https:\/\/eldiariodesanpedro.com.ar\/sitio\/arrecifes-denunciado-que-golpeo-a-su-mujer-embarazada-de-5-meses-hasta-hacerle-perder-el-bebe\/","title":{"rendered":"ARRECIFES | Denunciado que golpeo a su mujer embarazada de 5 meses hasta hacerle perder el bebe"},"content":{"rendered":"<!-- VideographyWP Plugin Message: Automatic video embedding prevented by plugin options. -->\n\n<p>Con fecha 3 de marzo del corriente a\u00f1o, denunci\u00f3 una persona de sexo femenino que siendo aproximadamente las 16:30 horas, recibe un llamado telef\u00f3nico de su yerno, quien ofuscado le manifiesta que en caso de encontrar a la hija de la denunciante la iba a \u201ccagar a palos\u201d (sic).<\/p>\n\n\n\n<p>Asimismo, refiere que pasado un lapso de tiempo su yerno la llama nuevamente, dando cuenta en esta oportunidad, que su hija se encontraba internada en el Hospital Santa Francisca Romana de nuestra ciudad.<\/p>\n\n\n\n<p>Por averiguaciones practicadas en torno a la presente denuncia se establece que la hija de la denunciante, v\u00edctima de los hechos denunciados en la presente, hab\u00eda sido intervenida quir\u00fargicamente y encontr\u00e1ndose en el quinto mes de su embarazo,&nbsp;<strong>su beb\u00e9 hab\u00eda sido trasladado de urgencia a la ciudad de Pergamino, donde hab\u00eda fallecido.<\/strong><\/p>\n\n\n\n<p>La v\u00edctima permanece internada en el Hospital Municipal de Arrecifes, encontr\u00e1ndose fuera de peligro.<\/p>\n\n\n\n<p>La denunciante refiri\u00f3 no haber radicado denuncia con anterioridad.<br>Se encuentra a cargo de la presente investigaci\u00f3n la Ayudant\u00eda Fiscal de Arrecifes, a cargo del Dr. Alfredo Iglesias.<\/p>\n\n\n\n<p>Fuente: <a href=\"https:\/\/arrecifesnoticias.com\/policiales\/gravisimo-hecho-de-violencia-de-genero-en-arrecifes\/\">Arrecifes Noticias<\/a><\/p>\n\n\n\n<p><a rel=\"noreferrer noopener\" href=\"https:\/\/www.facebook.com\/dialog\/send?app_id=140586622674265&amp;link=https%3A%2F%2Farrecifesnoticias.com%2Fpoliciales%2Fgravisimo-hecho-de-violencia-de-genero-en-arrecifes%2F&amp;redirect_uri=https%3A%2F%2Farrecifesnoticias.com%2Fpoliciales%2Fgravisimo-hecho-de-violencia-de-genero-en-arrecifes%2F\" target=\"_blank\"><\/a><\/p>\n","protected":false},"excerpt":{"rendered":"<p>Con fecha 3 de marzo del corriente a\u00f1o, denunci\u00f3 una persona de sexo femenino que siendo aproximadamente las 16:30 horas, recibe un llamado telef\u00f3nico de su yerno, quien ofuscado le manifiesta que en caso de encontrar a la hija de la denunciante la iba a \u201ccagar a palos\u201d (sic). Asimismo, refiere que pasado un lapso [&hellip;]<\/p>\n","protected":false},"author":4,"featured_media":88578,"comment_status":"open","ping_status":"closed","sticky":false,"template":"","format":"standard","meta":{"om_disable_all_campaigns":false,"_jetpack_memberships_contains_paid_content":false,"footnotes":""},"categories":[621],"tags":[],"class_list":["post-88577","post","type-post","status-publish","format-standard","has-post-thumbnail","hentry","category-regionales"],"aioseo_notices":[],"gutentor_comment":0,"jetpack_featured_media_url":"https:\/\/eldiariodesanpedro.com.ar\/sitio\/wp-content\/uploads\/2021\/03\/hospital-677x510-1.jpg","jetpack_shortlink":"https:\/\/wp.me\/p6RhLt-n2F","jetpack_sharing_enabled":true,"_links":{"self":[{"href":"https:\/\/eldiariodesanpedro.com.ar\/sitio\/wp-json\/wp\/v2\/posts\/88577","targetHints":{"allow":["GET"]}}],"collection":[{"href":"https:\/\/eldiariodesanpedro.com.ar\/sitio\/wp-json\/wp\/v2\/posts"}],"about":[{"href":"https:\/\/eldiariodesanpedro.com.ar\/sitio\/wp-json\/wp\/v2\/types\/post"}],"author":[{"embeddable":true,"href":"https:\/\/eldiariodesanpedro.com.ar\/sitio\/wp-json\/wp\/v2\/users\/4"}],"replies":[{"embeddable":true,"href":"https:\/\/eldiariodesanpedro.com.ar\/sitio\/wp-json\/wp\/v2\/comments?post=88577"}],"version-history":[{"count":1,"href":"https:\/\/eldiariodesanpedro.com.ar\/sitio\/wp-json\/wp\/v2\/posts\/88577\/revisions"}],"predecessor-version":[{"id":88579,"href":"https:\/\/eldiariodesanpedro.com.ar\/sitio\/wp-json\/wp\/v2\/posts\/88577\/revisions\/88579"}],"wp:featuredmedia":[{"embeddable":true,"href":"https:\/\/eldiariodesanpedro.com.ar\/sitio\/wp-json\/wp\/v2\/media\/88578"}],"wp:attachment":[{"href":"https:\/\/eldiariodesanpedro.com.ar\/sitio\/wp-json\/wp\/v2\/media?parent=88577"}],"wp:term":[{"taxonomy":"category","embeddable":true,"href":"https:\/\/eldiariodesanpedro.com.ar\/sitio\/wp-json\/wp\/v2\/categories?post=88577"},{"taxonomy":"post_tag","embeddable":true,"href":"https:\/\/eldiariodesanpedro.com.ar\/sitio\/wp-json\/wp\/v2\/tags?post=88577"}],"curies":[{"name":"wp","href":"https:\/\/api.w.org\/{rel}","templated":true}]}}