{"id":88574,"date":"2021-03-04T11:35:44","date_gmt":"2021-03-04T14:35:44","guid":{"rendered":"https:\/\/eldiariodesanpedro.com.ar\/sitio\/?p=88574"},"modified":"2021-03-04T11:35:48","modified_gmt":"2021-03-04T14:35:48","slug":"ramallo-perez-millan-marcho-por-la-continuidad-de-arrebeef","status":"publish","type":"post","link":"https:\/\/eldiariodesanpedro.com.ar\/sitio\/ramallo-perez-millan-marcho-por-la-continuidad-de-arrebeef\/","title":{"rendered":"RAMALLO | P\u00e9rez Mill\u00e1n march\u00f3 por la continuidad de ArreBeef"},"content":{"rendered":"<!-- VideographyWP Plugin Message: Automatic video embedding prevented by plugin options. -->\n\n<p>A las 18 de este jueves comerciantes de P\u00e9rez Mill\u00e1n se autoconvocaron en la plaza central pidiendo a los vecinos y familias que se acerquen para pedir por un acuerdo entre las partes.<\/p>\n\n\n\n<p>Centenares de personas marcharon desde el centro hasta la puerta de ArreBeef, con el mensaje pidiendo que \u201cla fuente laboral m\u00e1s importante del pueblo no cierre; es la que alimenta a P\u00e9rez Mill\u00e1n\u201d.<\/p>\n\n\n\n<p>Recordamos que la planta de ArreBeef se encuentra bloqueada por trabajadores que rechazan a la actual conducci\u00f3n del Sindicato de Trabajadores de la Carne del norte bonaerense.<\/p>\n\n\n\n<p>Fuente: <a href=\"https:\/\/arrecifesnoticias.com\/economia\/perez-millan-marcho-por-la-continuidad-de-arrebeef\/\">Arrecifes Noticias<\/a><\/p>\n\n\n\n<p><a rel=\"noreferrer noopener\" href=\"https:\/\/www.facebook.com\/dialog\/send?app_id=140586622674265&amp;link=https%3A%2F%2Farrecifesnoticias.com%2Feconomia%2Fperez-millan-marcho-por-la-continuidad-de-arrebeef%2F&amp;redirect_uri=https%3A%2F%2Farrecifesnoticias.com%2Feconomia%2Fperez-millan-marcho-por-la-continuidad-de-arrebeef%2F\" target=\"_blank\"><\/a><\/p>\n","protected":false},"excerpt":{"rendered":"<p>A las 18 de este jueves comerciantes de P\u00e9rez Mill\u00e1n se autoconvocaron en la plaza central pidiendo a los vecinos y familias que se acerquen para pedir por un acuerdo entre las partes. Centenares de personas marcharon desde el centro hasta la puerta de ArreBeef, con el mensaje pidiendo que \u201cla fuente laboral m\u00e1s importante [&hellip;]<\/p>\n","protected":false},"author":4,"featured_media":88575,"comment_status":"open","ping_status":"closed","sticky":false,"template":"","format":"standard","meta":{"om_disable_all_campaigns":false,"_jetpack_memberships_contains_paid_content":false,"footnotes":""},"categories":[621],"tags":[],"class_list":["post-88574","post","type-post","status-publish","format-standard","has-post-thumbnail","hentry","category-regionales"],"aioseo_notices":[],"gutentor_comment":0,"jetpack_featured_media_url":"https:\/\/eldiariodesanpedro.com.ar\/sitio\/wp-content\/uploads\/2021\/03\/Perez-Millan-697x510-1.jpg","jetpack_shortlink":"https:\/\/wp.me\/p6RhLt-n2C","jetpack_sharing_enabled":true,"_links":{"self":[{"href":"https:\/\/eldiariodesanpedro.com.ar\/sitio\/wp-json\/wp\/v2\/posts\/88574","targetHints":{"allow":["GET"]}}],"collection":[{"href":"https:\/\/eldiariodesanpedro.com.ar\/sitio\/wp-json\/wp\/v2\/posts"}],"about":[{"href":"https:\/\/eldiariodesanpedro.com.ar\/sitio\/wp-json\/wp\/v2\/types\/post"}],"author":[{"embeddable":true,"href":"https:\/\/eldiariodesanpedro.com.ar\/sitio\/wp-json\/wp\/v2\/users\/4"}],"replies":[{"embeddable":true,"href":"https:\/\/eldiariodesanpedro.com.ar\/sitio\/wp-json\/wp\/v2\/comments?post=88574"}],"version-history":[{"count":1,"href":"https:\/\/eldiariodesanpedro.com.ar\/sitio\/wp-json\/wp\/v2\/posts\/88574\/revisions"}],"predecessor-version":[{"id":88576,"href":"https:\/\/eldiariodesanpedro.com.ar\/sitio\/wp-json\/wp\/v2\/posts\/88574\/revisions\/88576"}],"wp:featuredmedia":[{"embeddable":true,"href":"https:\/\/eldiariodesanpedro.com.ar\/sitio\/wp-json\/wp\/v2\/media\/88575"}],"wp:attachment":[{"href":"https:\/\/eldiariodesanpedro.com.ar\/sitio\/wp-json\/wp\/v2\/media?parent=88574"}],"wp:term":[{"taxonomy":"category","embeddable":true,"href":"https:\/\/eldiariodesanpedro.com.ar\/sitio\/wp-json\/wp\/v2\/categories?post=88574"},{"taxonomy":"post_tag","embeddable":true,"href":"https:\/\/eldiariodesanpedro.com.ar\/sitio\/wp-json\/wp\/v2\/tags?post=88574"}],"curies":[{"name":"wp","href":"https:\/\/api.w.org\/{rel}","templated":true}]}}