{"id":88571,"date":"2021-03-04T11:33:25","date_gmt":"2021-03-04T14:33:25","guid":{"rendered":"https:\/\/eldiariodesanpedro.com.ar\/sitio\/?p=88571"},"modified":"2021-03-04T11:33:29","modified_gmt":"2021-03-04T14:33:29","slug":"mejoras-en-la-seguridad-del-cementerio-municipal","status":"publish","type":"post","link":"https:\/\/eldiariodesanpedro.com.ar\/sitio\/mejoras-en-la-seguridad-del-cementerio-municipal\/","title":{"rendered":"Mejoras en la seguridad del Cementerio Municipal"},"content":{"rendered":"<!-- VideographyWP Plugin Message: Automatic video embedding prevented by plugin options. -->\n\n<p>Se colocaron nuevas luminarias en diferentes puntos y se instal\u00f3 un domo y varias c\u00e1maras. Adem\u00e1s se contrat\u00f3 a una empresa de seguridad local que realiza la vigilancia a trav\u00e9s de recorridas.<\/p>\n\n\n\n<p>El Secretario de Servicios P\u00fablicos, Ariel \u00c1lvarez, junto a Am\u00e9rico Quintana (a cargo de la direcci\u00f3n de la necr\u00f3polis) y Marcelo Nouet (Mantenimiento General); recorri\u00f3 en la ma\u00f1ana de este martes el cementerio municipal, luego de la implementaci\u00f3n de varias acciones que tienen como objetivo aumentar la seguridad en todo el predio.<\/p>\n\n\n\n<p>En principio se colocaron nuevas luminarias en diferentes puntos y se instal\u00f3 un domo (se colocar\u00e1 con posterioridad otro m\u00e1s) y varias c\u00e1maras. Adem\u00e1s se contrat\u00f3 a una empresa de seguridad local que realiza la vigilancia a trav\u00e9s de recorridas y utilizando los sistemas antes mencionados.<\/p>\n\n\n\n<p>Es importante mencionar que de 20 a 6 hs. se desempe\u00f1a el personal de la firma y el resto del horario se lleva a cabo con trabajadores del \u00e1rea, por lo que hay una cobertura las 24 hs.<br>\u00a0<\/p>\n\n\n\n<p>Prensa Obras P\u00fablicas<\/p>\n","protected":false},"excerpt":{"rendered":"<p>Se colocaron nuevas luminarias en diferentes puntos y se instal\u00f3 un domo y varias c\u00e1maras. Adem\u00e1s se contrat\u00f3 a una empresa de seguridad local que realiza la vigilancia a trav\u00e9s de recorridas. El Secretario de Servicios P\u00fablicos, Ariel \u00c1lvarez, junto a Am\u00e9rico Quintana (a cargo de la direcci\u00f3n de la necr\u00f3polis) y Marcelo Nouet (Mantenimiento [&hellip;]<\/p>\n","protected":false},"author":4,"featured_media":88572,"comment_status":"open","ping_status":"closed","sticky":false,"template":"","format":"standard","meta":{"om_disable_all_campaigns":false,"_jetpack_memberships_contains_paid_content":false,"footnotes":""},"categories":[101,2],"tags":[],"class_list":["post-88571","post","type-post","status-publish","format-standard","has-post-thumbnail","hentry","category-interes-general-locales","category-locales"],"aioseo_notices":[],"gutentor_comment":0,"jetpack_featured_media_url":"https:\/\/eldiariodesanpedro.com.ar\/sitio\/wp-content\/uploads\/2021\/03\/000090312.jpg","jetpack_shortlink":"https:\/\/wp.me\/p6RhLt-n2z","jetpack_sharing_enabled":true,"_links":{"self":[{"href":"https:\/\/eldiariodesanpedro.com.ar\/sitio\/wp-json\/wp\/v2\/posts\/88571","targetHints":{"allow":["GET"]}}],"collection":[{"href":"https:\/\/eldiariodesanpedro.com.ar\/sitio\/wp-json\/wp\/v2\/posts"}],"about":[{"href":"https:\/\/eldiariodesanpedro.com.ar\/sitio\/wp-json\/wp\/v2\/types\/post"}],"author":[{"embeddable":true,"href":"https:\/\/eldiariodesanpedro.com.ar\/sitio\/wp-json\/wp\/v2\/users\/4"}],"replies":[{"embeddable":true,"href":"https:\/\/eldiariodesanpedro.com.ar\/sitio\/wp-json\/wp\/v2\/comments?post=88571"}],"version-history":[{"count":1,"href":"https:\/\/eldiariodesanpedro.com.ar\/sitio\/wp-json\/wp\/v2\/posts\/88571\/revisions"}],"predecessor-version":[{"id":88573,"href":"https:\/\/eldiariodesanpedro.com.ar\/sitio\/wp-json\/wp\/v2\/posts\/88571\/revisions\/88573"}],"wp:featuredmedia":[{"embeddable":true,"href":"https:\/\/eldiariodesanpedro.com.ar\/sitio\/wp-json\/wp\/v2\/media\/88572"}],"wp:attachment":[{"href":"https:\/\/eldiariodesanpedro.com.ar\/sitio\/wp-json\/wp\/v2\/media?parent=88571"}],"wp:term":[{"taxonomy":"category","embeddable":true,"href":"https:\/\/eldiariodesanpedro.com.ar\/sitio\/wp-json\/wp\/v2\/categories?post=88571"},{"taxonomy":"post_tag","embeddable":true,"href":"https:\/\/eldiariodesanpedro.com.ar\/sitio\/wp-json\/wp\/v2\/tags?post=88571"}],"curies":[{"name":"wp","href":"https:\/\/api.w.org\/{rel}","templated":true}]}}