{"id":88568,"date":"2021-03-04T11:30:46","date_gmt":"2021-03-04T14:30:46","guid":{"rendered":"https:\/\/eldiariodesanpedro.com.ar\/sitio\/?p=88568"},"modified":"2021-03-04T11:30:49","modified_gmt":"2021-03-04T14:30:49","slug":"uatre-denuncian-que-diputado-intento-ingresar-por-la-fuerza","status":"publish","type":"post","link":"https:\/\/eldiariodesanpedro.com.ar\/sitio\/uatre-denuncian-que-diputado-intento-ingresar-por-la-fuerza\/","title":{"rendered":"UATRE: Denuncian que diputado intent\u00f3 ingresar por la fuerza"},"content":{"rendered":"<!-- VideographyWP Plugin Message: Automatic video embedding prevented by plugin options. -->\n\n<p>La Uni\u00f3n Argentina de Trabajadores Rurales y Estibadores (UATRE) denunci\u00f3 que el diputado nacional Pablo Ansaloni lider\u00f3 un intento de toma de la sede central.<\/p>\n\n\n\n<p>La Uni\u00f3n Argentina de Trabajadores Rurales y Estibadores (UATRE) que conduce Jos\u00e9 Voytenco denunci\u00f3 este mi\u00e9rcoles que el&nbsp;diputado&nbsp;nacional Pablo Ansaloni lider\u00f3 a un grupo de personas para un \u201cfallido intento de toma la sede central de la Obra Social\u201d (OSPRERA), ubicada en Reconquista al 600 del microcentro porte\u00f1o. Seg\u00fan se denunci\u00f3, algunos de los que lo secundaron en el intento son reconocidos barras de River Plate. La semana pasada Voytenco present\u00f3 una denuncia penal contra legislador por estafa y asociaci\u00f3n il\u00edcita, acus\u00e1ndolo de quedarse con m\u00e1s de 10.5 millones de pesos de la obra social.<\/p>\n\n\n\n<p>\u201cEn lo que fueron 24 horas de furia, el diputado nacional Pablo Ansaloni (foto al pie de la nota) busc\u00f3 tomar por la fuerza la Obra Social\u201d, sintetiz\u00f3 el sindicalista, alertando sobre la permanencia de la amenaza de ocupaci\u00f3n. Ansaloni, quien hace algunas semanas fue separado del gremio por una serie de comentarios antisemitas, intent\u00f3 ingresar a las instalaciones de la obra social, lo que fue impedido por trabajadores rurales afiliados a UATRE que se encontraban en el lugar.<\/p>\n\n\n\n<p>Luego del ataque la obra social qued\u00f3 custodiada por fuerzas de seguridad, ya que algunas personas del grupo de Ansaloni quedaron rodeando la sede, y se radic\u00f3 una denuncia por amenazas, intimidaci\u00f3n y privaci\u00f3n ileg\u00edtima de la libertad, poniendo en conocimiento de la Justicia la presencia de barras de River entre quienes intentaron el copamiento. \u201cEsta es la clara respuesta de impotencia frente a las denuncias genuinas en la justicia. Es tan fuerte el temor de Ansaloni que decidi\u00f3 pasar a la violencia. Esto un esc\u00e1ndalo por d\u00f3nde se lo vea\u201d, sostuvo Voytenco.<\/p>\n\n\n\n<p>Los equipos legales de UATRE sospechan que la intentona de Ansaloni respondi\u00f3 a la intenci\u00f3n de eliminar medios de prueba que pudieran comprometerlo en el marco de la investigaci\u00f3n penal en curso. Desde el Secretariado Nacional del gremio calificaron de \u201cpatoteros y provocadores\u201d a los atacantes y se denunci\u00f3 el intento de ocupaci\u00f3n como una estrategia para presentar al sindicato como \u201cviolento y desorganizado\u201d.<\/p>\n\n\n\n<p>La causa penal contra Ansaloni, que lleg\u00f3 a la c\u00e1mara baja de la mano de Mar\u00eda Eugenia Vidal integrando las listas de Cambiemos, se basa en el resultado de una auditor\u00eda que se realiz\u00f3 con la asunci\u00f3n de las nuevas autoridades en la Obra Social que constat\u00f3 que el legislador, junto con Marcelo Acevedo, Walter C\u00e1ceres y Carlos Caballero, crearon un ilegal sistema de \u201crecuperos\u201d de gastos por medio del cual se hicieron de 10,5 millones de pesos s\u00f3lo en 2018 y 2019. Entre las presentaciones del diputado, la auditor\u00eda confirm\u00f3 facturas presentadas por conceptos tan ins\u00f3litos como ropa de bebe y ni\u00f1os, art\u00edculos de perfumer\u00eda femeninos, muebles, indumentaria y calzados, juguetes y joyas. Incluso present\u00f3 facturas con gastos a nombre de su esposa.<\/p>\n\n\n\n<p>En ese contexto, Voytenco denunci\u00f3 que el trasfondo de la situaci\u00f3n \u201ctiene a la mesa judicial del PRO como promotor del espacio de Ansaloni y a la caja de la Obra Social como principal atractivo\u201d. Y concluy\u00f3: \u201cEn el mundo sindical no es una novedad para nadie que en los \u00faltimos a\u00f1os fue utilizada para financiar las campa\u00f1as de Cambiemos y que fue uno de los pilares que llev\u00f3 al propio Ansaloni a la c\u00e1mara baja\u201d.<\/p>\n\n\n\n<p>Fuente: Infocielo<\/p>\n","protected":false},"excerpt":{"rendered":"<p>La Uni\u00f3n Argentina de Trabajadores Rurales y Estibadores (UATRE) denunci\u00f3 que el diputado nacional Pablo Ansaloni lider\u00f3 un intento de toma de la sede central. La Uni\u00f3n Argentina de Trabajadores Rurales y Estibadores (UATRE) que conduce Jos\u00e9 Voytenco denunci\u00f3 este mi\u00e9rcoles que el&nbsp;diputado&nbsp;nacional Pablo Ansaloni lider\u00f3 a un grupo de personas para un \u201cfallido intento [&hellip;]<\/p>\n","protected":false},"author":4,"featured_media":88569,"comment_status":"open","ping_status":"closed","sticky":false,"template":"","format":"standard","meta":{"om_disable_all_campaigns":false,"_jetpack_memberships_contains_paid_content":false,"footnotes":""},"categories":[621],"tags":[],"class_list":["post-88568","post","type-post","status-publish","format-standard","has-post-thumbnail","hentry","category-regionales"],"aioseo_notices":[],"gutentor_comment":0,"jetpack_featured_media_url":"https:\/\/eldiariodesanpedro.com.ar\/sitio\/wp-content\/uploads\/2021\/03\/000090320.jpeg","jetpack_shortlink":"https:\/\/wp.me\/p6RhLt-n2w","jetpack_sharing_enabled":true,"_links":{"self":[{"href":"https:\/\/eldiariodesanpedro.com.ar\/sitio\/wp-json\/wp\/v2\/posts\/88568","targetHints":{"allow":["GET"]}}],"collection":[{"href":"https:\/\/eldiariodesanpedro.com.ar\/sitio\/wp-json\/wp\/v2\/posts"}],"about":[{"href":"https:\/\/eldiariodesanpedro.com.ar\/sitio\/wp-json\/wp\/v2\/types\/post"}],"author":[{"embeddable":true,"href":"https:\/\/eldiariodesanpedro.com.ar\/sitio\/wp-json\/wp\/v2\/users\/4"}],"replies":[{"embeddable":true,"href":"https:\/\/eldiariodesanpedro.com.ar\/sitio\/wp-json\/wp\/v2\/comments?post=88568"}],"version-history":[{"count":1,"href":"https:\/\/eldiariodesanpedro.com.ar\/sitio\/wp-json\/wp\/v2\/posts\/88568\/revisions"}],"predecessor-version":[{"id":88570,"href":"https:\/\/eldiariodesanpedro.com.ar\/sitio\/wp-json\/wp\/v2\/posts\/88568\/revisions\/88570"}],"wp:featuredmedia":[{"embeddable":true,"href":"https:\/\/eldiariodesanpedro.com.ar\/sitio\/wp-json\/wp\/v2\/media\/88569"}],"wp:attachment":[{"href":"https:\/\/eldiariodesanpedro.com.ar\/sitio\/wp-json\/wp\/v2\/media?parent=88568"}],"wp:term":[{"taxonomy":"category","embeddable":true,"href":"https:\/\/eldiariodesanpedro.com.ar\/sitio\/wp-json\/wp\/v2\/categories?post=88568"},{"taxonomy":"post_tag","embeddable":true,"href":"https:\/\/eldiariodesanpedro.com.ar\/sitio\/wp-json\/wp\/v2\/tags?post=88568"}],"curies":[{"name":"wp","href":"https:\/\/api.w.org\/{rel}","templated":true}]}}