{"id":88563,"date":"2021-03-04T11:23:12","date_gmt":"2021-03-04T14:23:12","guid":{"rendered":"https:\/\/eldiariodesanpedro.com.ar\/sitio\/?p=88563"},"modified":"2021-03-04T11:23:15","modified_gmt":"2021-03-04T14:23:15","slug":"un-ciudadano-y-su-sobrina-agredida-afuera-de-su-casa","status":"publish","type":"post","link":"https:\/\/eldiariodesanpedro.com.ar\/sitio\/un-ciudadano-y-su-sobrina-agredida-afuera-de-su-casa\/","title":{"rendered":"Un ciudadano y su sobrina agredida afuera de su casa"},"content":{"rendered":"<!-- VideographyWP Plugin Message: Automatic video embedding prevented by plugin options. -->\n\n<p>Este mi\u00e9rcoles se recibi\u00f3 una denuncia en la comisar\u00eda local por parte de un ciudadano de 41 a\u00f1os, que ayer 18:30 HS, momentos que se encontraba en su domicilio ubicado en calle Laprida 2500, junto a su sobrina de 13 a\u00f1os, se hacen presentes dos masculinos los cuales sin mediar palabras le propina un golpe de pu\u00f1o en su rostro y el restante empuja a su sobrina sin causarle lesiones.&nbsp;<\/p>\n\n\n\n<p>El denunciante recibi\u00f3 lesiones de car\u00e1cter leves.<\/p>\n","protected":false},"excerpt":{"rendered":"<p>Este mi\u00e9rcoles se recibi\u00f3 una denuncia en la comisar\u00eda local por parte de un ciudadano de 41 a\u00f1os, que ayer 18:30 HS, momentos que se encontraba en su domicilio ubicado en calle Laprida 2500, junto a su sobrina de 13 a\u00f1os, se hacen presentes dos masculinos los cuales sin mediar palabras le propina un golpe [&hellip;]<\/p>\n","protected":false},"author":4,"featured_media":78843,"comment_status":"open","ping_status":"closed","sticky":false,"template":"","format":"standard","meta":{"om_disable_all_campaigns":false,"_jetpack_memberships_contains_paid_content":false,"footnotes":""},"categories":[2,103],"tags":[],"class_list":["post-88563","post","type-post","status-publish","format-standard","has-post-thumbnail","hentry","category-locales","category-policiales-locales"],"aioseo_notices":[],"gutentor_comment":0,"jetpack_featured_media_url":"https:\/\/eldiariodesanpedro.com.ar\/sitio\/wp-content\/uploads\/2020\/08\/0.jpg","jetpack_shortlink":"https:\/\/wp.me\/p6RhLt-n2r","jetpack_sharing_enabled":true,"_links":{"self":[{"href":"https:\/\/eldiariodesanpedro.com.ar\/sitio\/wp-json\/wp\/v2\/posts\/88563","targetHints":{"allow":["GET"]}}],"collection":[{"href":"https:\/\/eldiariodesanpedro.com.ar\/sitio\/wp-json\/wp\/v2\/posts"}],"about":[{"href":"https:\/\/eldiariodesanpedro.com.ar\/sitio\/wp-json\/wp\/v2\/types\/post"}],"author":[{"embeddable":true,"href":"https:\/\/eldiariodesanpedro.com.ar\/sitio\/wp-json\/wp\/v2\/users\/4"}],"replies":[{"embeddable":true,"href":"https:\/\/eldiariodesanpedro.com.ar\/sitio\/wp-json\/wp\/v2\/comments?post=88563"}],"version-history":[{"count":1,"href":"https:\/\/eldiariodesanpedro.com.ar\/sitio\/wp-json\/wp\/v2\/posts\/88563\/revisions"}],"predecessor-version":[{"id":88564,"href":"https:\/\/eldiariodesanpedro.com.ar\/sitio\/wp-json\/wp\/v2\/posts\/88563\/revisions\/88564"}],"wp:featuredmedia":[{"embeddable":true,"href":"https:\/\/eldiariodesanpedro.com.ar\/sitio\/wp-json\/wp\/v2\/media\/78843"}],"wp:attachment":[{"href":"https:\/\/eldiariodesanpedro.com.ar\/sitio\/wp-json\/wp\/v2\/media?parent=88563"}],"wp:term":[{"taxonomy":"category","embeddable":true,"href":"https:\/\/eldiariodesanpedro.com.ar\/sitio\/wp-json\/wp\/v2\/categories?post=88563"},{"taxonomy":"post_tag","embeddable":true,"href":"https:\/\/eldiariodesanpedro.com.ar\/sitio\/wp-json\/wp\/v2\/tags?post=88563"}],"curies":[{"name":"wp","href":"https:\/\/api.w.org\/{rel}","templated":true}]}}