{"id":88561,"date":"2021-03-04T11:19:21","date_gmt":"2021-03-04T14:19:21","guid":{"rendered":"https:\/\/eldiariodesanpedro.com.ar\/sitio\/?p=88561"},"modified":"2021-03-04T11:19:25","modified_gmt":"2021-03-04T14:19:25","slug":"robaron-una-motocicleta-afuera-de-un-comercio","status":"publish","type":"post","link":"https:\/\/eldiariodesanpedro.com.ar\/sitio\/robaron-una-motocicleta-afuera-de-un-comercio\/","title":{"rendered":"Robaron una motocicleta afuera de un comercio"},"content":{"rendered":"<!-- VideographyWP Plugin Message: Automatic video embedding prevented by plugin options. -->\n\n<p>Este mi\u00e9rcoles se recibi\u00f3 la denuncia de un ciudadano de 42 a\u00f1os, que el mismo d\u00eda 11:30 hs, dej\u00f3 motocicleta en la vereda fuera de comercio ubicado en Petrona Simonino al 500 ciudad.&nbsp;<\/p>\n\n\n\n<p>Que pasados unos cinco minutos egresa del local dando cuenta de que autores ignorados sustraen el rodado.&nbsp;<\/p>\n\n\n\n<p>La polic\u00eda de nuestra ciudad investiga el paradero de la misma.<\/p>\n","protected":false},"excerpt":{"rendered":"<p>Este mi\u00e9rcoles se recibi\u00f3 la denuncia de un ciudadano de 42 a\u00f1os, que el mismo d\u00eda 11:30 hs, dej\u00f3 motocicleta en la vereda fuera de comercio ubicado en Petrona Simonino al 500 ciudad.&nbsp; Que pasados unos cinco minutos egresa del local dando cuenta de que autores ignorados sustraen el rodado.&nbsp; La polic\u00eda de nuestra ciudad [&hellip;]<\/p>\n","protected":false},"author":4,"featured_media":77561,"comment_status":"open","ping_status":"closed","sticky":false,"template":"","format":"standard","meta":{"om_disable_all_campaigns":false,"_jetpack_memberships_contains_paid_content":false,"footnotes":""},"categories":[2,103],"tags":[],"class_list":["post-88561","post","type-post","status-publish","format-standard","has-post-thumbnail","hentry","category-locales","category-policiales-locales"],"aioseo_notices":[],"gutentor_comment":0,"jetpack_featured_media_url":"https:\/\/eldiariodesanpedro.com.ar\/sitio\/wp-content\/uploads\/2020\/07\/20200709072134.jpg","jetpack_shortlink":"https:\/\/wp.me\/p6RhLt-n2p","jetpack_sharing_enabled":true,"_links":{"self":[{"href":"https:\/\/eldiariodesanpedro.com.ar\/sitio\/wp-json\/wp\/v2\/posts\/88561","targetHints":{"allow":["GET"]}}],"collection":[{"href":"https:\/\/eldiariodesanpedro.com.ar\/sitio\/wp-json\/wp\/v2\/posts"}],"about":[{"href":"https:\/\/eldiariodesanpedro.com.ar\/sitio\/wp-json\/wp\/v2\/types\/post"}],"author":[{"embeddable":true,"href":"https:\/\/eldiariodesanpedro.com.ar\/sitio\/wp-json\/wp\/v2\/users\/4"}],"replies":[{"embeddable":true,"href":"https:\/\/eldiariodesanpedro.com.ar\/sitio\/wp-json\/wp\/v2\/comments?post=88561"}],"version-history":[{"count":1,"href":"https:\/\/eldiariodesanpedro.com.ar\/sitio\/wp-json\/wp\/v2\/posts\/88561\/revisions"}],"predecessor-version":[{"id":88562,"href":"https:\/\/eldiariodesanpedro.com.ar\/sitio\/wp-json\/wp\/v2\/posts\/88561\/revisions\/88562"}],"wp:featuredmedia":[{"embeddable":true,"href":"https:\/\/eldiariodesanpedro.com.ar\/sitio\/wp-json\/wp\/v2\/media\/77561"}],"wp:attachment":[{"href":"https:\/\/eldiariodesanpedro.com.ar\/sitio\/wp-json\/wp\/v2\/media?parent=88561"}],"wp:term":[{"taxonomy":"category","embeddable":true,"href":"https:\/\/eldiariodesanpedro.com.ar\/sitio\/wp-json\/wp\/v2\/categories?post=88561"},{"taxonomy":"post_tag","embeddable":true,"href":"https:\/\/eldiariodesanpedro.com.ar\/sitio\/wp-json\/wp\/v2\/tags?post=88561"}],"curies":[{"name":"wp","href":"https:\/\/api.w.org\/{rel}","templated":true}]}}