{"id":88557,"date":"2021-03-04T11:12:14","date_gmt":"2021-03-04T14:12:14","guid":{"rendered":"https:\/\/eldiariodesanpedro.com.ar\/sitio\/?p=88557"},"modified":"2021-03-04T11:12:19","modified_gmt":"2021-03-04T14:12:19","slug":"denuncia-que-lo-amenazo-con-un-perro-pitbull","status":"publish","type":"post","link":"https:\/\/eldiariodesanpedro.com.ar\/sitio\/denuncia-que-lo-amenazo-con-un-perro-pitbull\/","title":{"rendered":"Denuncia que lo amenaz\u00f3 con un perro pitbull"},"content":{"rendered":"<!-- VideographyWP Plugin Message: Automatic video embedding prevented by plugin options. -->\n\n<p>Seg\u00fan parte policial este mi\u00e9rcoles se recibi\u00f3 una denuncia en la comisar\u00eda local por parte de un ciudadano de 49 a\u00f1os, que tiene problemas hace dos meses con otro masculino por razones que desconoce.&nbsp;<\/p>\n\n\n\n<p>Que cada vez que se encuentra con este, el mismo le refiere amenazas, que en el \u00faltimo encuentro le intent\u00f3 lesionar al denunciante incitando a un perro raza Pitbull que lo atacara, no logrando su cometido.<\/p>\n","protected":false},"excerpt":{"rendered":"<p>Seg\u00fan parte policial este mi\u00e9rcoles se recibi\u00f3 una denuncia en la comisar\u00eda local por parte de un ciudadano de 49 a\u00f1os, que tiene problemas hace dos meses con otro masculino por razones que desconoce.&nbsp; Que cada vez que se encuentra con este, el mismo le refiere amenazas, que en el \u00faltimo encuentro le intent\u00f3 lesionar [&hellip;]<\/p>\n","protected":false},"author":4,"featured_media":45394,"comment_status":"open","ping_status":"closed","sticky":false,"template":"","format":"standard","meta":{"om_disable_all_campaigns":false,"_jetpack_memberships_contains_paid_content":false,"footnotes":""},"categories":[2],"tags":[],"class_list":["post-88557","post","type-post","status-publish","format-standard","has-post-thumbnail","hentry","category-locales"],"aioseo_notices":[],"gutentor_comment":0,"jetpack_featured_media_url":"https:\/\/eldiariodesanpedro.com.ar\/sitio\/wp-content\/uploads\/2019\/01\/comisaria.jpg","jetpack_shortlink":"https:\/\/wp.me\/p6RhLt-n2l","jetpack_sharing_enabled":true,"_links":{"self":[{"href":"https:\/\/eldiariodesanpedro.com.ar\/sitio\/wp-json\/wp\/v2\/posts\/88557","targetHints":{"allow":["GET"]}}],"collection":[{"href":"https:\/\/eldiariodesanpedro.com.ar\/sitio\/wp-json\/wp\/v2\/posts"}],"about":[{"href":"https:\/\/eldiariodesanpedro.com.ar\/sitio\/wp-json\/wp\/v2\/types\/post"}],"author":[{"embeddable":true,"href":"https:\/\/eldiariodesanpedro.com.ar\/sitio\/wp-json\/wp\/v2\/users\/4"}],"replies":[{"embeddable":true,"href":"https:\/\/eldiariodesanpedro.com.ar\/sitio\/wp-json\/wp\/v2\/comments?post=88557"}],"version-history":[{"count":1,"href":"https:\/\/eldiariodesanpedro.com.ar\/sitio\/wp-json\/wp\/v2\/posts\/88557\/revisions"}],"predecessor-version":[{"id":88558,"href":"https:\/\/eldiariodesanpedro.com.ar\/sitio\/wp-json\/wp\/v2\/posts\/88557\/revisions\/88558"}],"wp:featuredmedia":[{"embeddable":true,"href":"https:\/\/eldiariodesanpedro.com.ar\/sitio\/wp-json\/wp\/v2\/media\/45394"}],"wp:attachment":[{"href":"https:\/\/eldiariodesanpedro.com.ar\/sitio\/wp-json\/wp\/v2\/media?parent=88557"}],"wp:term":[{"taxonomy":"category","embeddable":true,"href":"https:\/\/eldiariodesanpedro.com.ar\/sitio\/wp-json\/wp\/v2\/categories?post=88557"},{"taxonomy":"post_tag","embeddable":true,"href":"https:\/\/eldiariodesanpedro.com.ar\/sitio\/wp-json\/wp\/v2\/tags?post=88557"}],"curies":[{"name":"wp","href":"https:\/\/api.w.org\/{rel}","templated":true}]}}