{"id":88554,"date":"2021-03-04T11:09:29","date_gmt":"2021-03-04T14:09:29","guid":{"rendered":"https:\/\/eldiariodesanpedro.com.ar\/sitio\/?p=88554"},"modified":"2021-03-04T11:09:32","modified_gmt":"2021-03-04T14:09:32","slug":"un-joven-detenido-por-agredir-a-su-pareja-menor-de-edad","status":"publish","type":"post","link":"https:\/\/eldiariodesanpedro.com.ar\/sitio\/un-joven-detenido-por-agredir-a-su-pareja-menor-de-edad\/","title":{"rendered":"Un joven detenido por agredir a su pareja menor de edad"},"content":{"rendered":"<!-- VideographyWP Plugin Message: Automatic video embedding prevented by plugin options. -->\n\n<p>Este mi\u00e9rcoles alrededor de las 16:30 hs. la polic\u00eda de nuestra ciudad se hace presente en calle Lavalle al 400, aprehende a masculino 18 a\u00f1os, quien momentos antes agrede y amenaza a su pareja femenina de 16 a\u00f1os.&nbsp;<\/p>\n\n\n\n<p>La v\u00edctima fue trasladada al nosocomio local asistida por progenitora, donde los m\u00e9dicos detectaron que la joven recibi\u00f3 lesiones car\u00e1cter leves.&nbsp;<\/p>\n\n\n\n<p>Intervenci\u00f3n Comisaria de la Mujer y la Familia, contenci\u00f3n y asesoramiento de v\u00edctima. Aprehendido en sede policial.&nbsp;<\/p>\n","protected":false},"excerpt":{"rendered":"<p>Este mi\u00e9rcoles alrededor de las 16:30 hs. la polic\u00eda de nuestra ciudad se hace presente en calle Lavalle al 400, aprehende a masculino 18 a\u00f1os, quien momentos antes agrede y amenaza a su pareja femenina de 16 a\u00f1os.&nbsp; La v\u00edctima fue trasladada al nosocomio local asistida por progenitora, donde los m\u00e9dicos detectaron que la joven [&hellip;]<\/p>\n","protected":false},"author":4,"featured_media":88552,"comment_status":"open","ping_status":"closed","sticky":false,"template":"","format":"standard","meta":{"om_disable_all_campaigns":false,"_jetpack_memberships_contains_paid_content":false,"footnotes":""},"categories":[2,103],"tags":[],"class_list":["post-88554","post","type-post","status-publish","format-standard","has-post-thumbnail","hentry","category-locales","category-policiales-locales"],"aioseo_notices":[],"gutentor_comment":0,"jetpack_featured_media_url":"https:\/\/eldiariodesanpedro.com.ar\/sitio\/wp-content\/uploads\/2021\/03\/WhatsApp-Image-2021-03-04-at-10.20.01.jpeg","jetpack_shortlink":"https:\/\/wp.me\/p6RhLt-n2i","jetpack_sharing_enabled":true,"_links":{"self":[{"href":"https:\/\/eldiariodesanpedro.com.ar\/sitio\/wp-json\/wp\/v2\/posts\/88554","targetHints":{"allow":["GET"]}}],"collection":[{"href":"https:\/\/eldiariodesanpedro.com.ar\/sitio\/wp-json\/wp\/v2\/posts"}],"about":[{"href":"https:\/\/eldiariodesanpedro.com.ar\/sitio\/wp-json\/wp\/v2\/types\/post"}],"author":[{"embeddable":true,"href":"https:\/\/eldiariodesanpedro.com.ar\/sitio\/wp-json\/wp\/v2\/users\/4"}],"replies":[{"embeddable":true,"href":"https:\/\/eldiariodesanpedro.com.ar\/sitio\/wp-json\/wp\/v2\/comments?post=88554"}],"version-history":[{"count":1,"href":"https:\/\/eldiariodesanpedro.com.ar\/sitio\/wp-json\/wp\/v2\/posts\/88554\/revisions"}],"predecessor-version":[{"id":88555,"href":"https:\/\/eldiariodesanpedro.com.ar\/sitio\/wp-json\/wp\/v2\/posts\/88554\/revisions\/88555"}],"wp:featuredmedia":[{"embeddable":true,"href":"https:\/\/eldiariodesanpedro.com.ar\/sitio\/wp-json\/wp\/v2\/media\/88552"}],"wp:attachment":[{"href":"https:\/\/eldiariodesanpedro.com.ar\/sitio\/wp-json\/wp\/v2\/media?parent=88554"}],"wp:term":[{"taxonomy":"category","embeddable":true,"href":"https:\/\/eldiariodesanpedro.com.ar\/sitio\/wp-json\/wp\/v2\/categories?post=88554"},{"taxonomy":"post_tag","embeddable":true,"href":"https:\/\/eldiariodesanpedro.com.ar\/sitio\/wp-json\/wp\/v2\/tags?post=88554"}],"curies":[{"name":"wp","href":"https:\/\/api.w.org\/{rel}","templated":true}]}}