{"id":88548,"date":"2021-03-04T10:59:34","date_gmt":"2021-03-04T13:59:34","guid":{"rendered":"https:\/\/eldiariodesanpedro.com.ar\/sitio\/?p=88548"},"modified":"2021-03-04T10:59:38","modified_gmt":"2021-03-04T13:59:38","slug":"sigue-abierta-la-inscripcion-para-ingresar-a-la-policia-de-la-provincia-de-buenos-aires","status":"publish","type":"post","link":"https:\/\/eldiariodesanpedro.com.ar\/sitio\/sigue-abierta-la-inscripcion-para-ingresar-a-la-policia-de-la-provincia-de-buenos-aires\/","title":{"rendered":"Sigue abierta la inscripci\u00f3n para ingresar a la Polic\u00eda de la Provincia de Buenos Aires"},"content":{"rendered":"<!-- VideographyWP Plugin Message: Automatic video embedding prevented by plugin options. -->\n\n<p>Desde la Secretar\u00eda de Seguridad del Municipio informaron que sigue abierta la convocatoria -impulsada por la Superintendencia General de Polic\u00eda- para el ingreso a las Escuelas de Formaci\u00f3n Policial de la provincia de Buenos Aires y destacaron la importancia de que j\u00f3venes de la ciudad se sumen a la fuerza.<\/p>\n\n\n\n<p>Los oficiales egresados podr\u00edan ser designados para cumplir servicios en Campana. Seg\u00fan se inform\u00f3, de un total de 38 cadetes que se prev\u00e9n incorporar, ya fueron seleccionados 18 postulantes (5 mujeres y 13 hombres).<\/p>\n\n\n\n<p>La convocatoria general y abierta est\u00e1 a cargo de la Superintendencia de Institutos de Formaci\u00f3n Policial. Para ingresar, se requiere:<br>\u2013 Ser argentino nativo, naturalizado o por opci\u00f3n.<br>\u2013 Tener entre 18 y 25 a\u00f1os (cumplidos al 1 de marzo de 2021).<br>\u2013 Poseer condiciones de moralidad y buenas costumbres.<br>\u2013 Haber finalizado el nivel secundario, en los t\u00e9rminos de la Ley Nro. 13.688 o equivalente, conforme lo establezca la reglamentaci\u00f3n.<br>\u2013 Responder a las aptitudes psicof\u00edsicas que establezca la presente y su reglamentaci\u00f3n.<\/p>\n\n\n\n<p>Los\/las postulantes deben cumplimentar todos los requisitos enunciados y contar con la documentaci\u00f3n requerida.<br>Eventualmente ser\u00e1n citados\/as de acuerdo a la disponibilidad de cupo determinado por el Ministerio de Seguridad.<\/p>\n\n\n\n<p>Para m\u00e1s informaci\u00f3n, ingresar a: <a href=\"https:\/\/www.mseg.gba.gov.ar\/ingreso.html\">https:\/\/www.mseg.gba.gov.ar\/ingreso.html<\/a><\/p>\n\n\n\n<p>Tambi\u00e9n podr\u00e1n realizar consultas, al 0221-4293000 (internos 73845 \u2013 74054 \u2013 73857\/58\/59) o v\u00eda mail a <a href=\"mailto:consultasingreso@mseg.gba.gov.ar\">consultasingreso@mseg.gba.gov.ar<\/a><\/p>\n","protected":false},"excerpt":{"rendered":"<p>Desde la Secretar\u00eda de Seguridad del Municipio informaron que sigue abierta la convocatoria -impulsada por la Superintendencia General de Polic\u00eda- para el ingreso a las Escuelas de Formaci\u00f3n Policial de la provincia de Buenos Aires y destacaron la importancia de que j\u00f3venes de la ciudad se sumen a la fuerza. Los oficiales egresados podr\u00edan ser [&hellip;]<\/p>\n","protected":false},"author":4,"featured_media":88549,"comment_status":"open","ping_status":"closed","sticky":false,"template":"","format":"standard","meta":{"om_disable_all_campaigns":false,"_jetpack_memberships_contains_paid_content":false,"footnotes":""},"categories":[101,2],"tags":[],"class_list":["post-88548","post","type-post","status-publish","format-standard","has-post-thumbnail","hentry","category-interes-general-locales","category-locales"],"aioseo_notices":[],"gutentor_comment":0,"jetpack_featured_media_url":"https:\/\/eldiariodesanpedro.com.ar\/sitio\/wp-content\/uploads\/2021\/03\/Desde-la-Secretaria-de-Seguridad-del-Municipio-destacaron-la-importancia-de-que-jovenes-de-Campana-se-sumen-a-la-fuerza.jpg","jetpack_shortlink":"https:\/\/wp.me\/p6RhLt-n2c","jetpack_sharing_enabled":true,"_links":{"self":[{"href":"https:\/\/eldiariodesanpedro.com.ar\/sitio\/wp-json\/wp\/v2\/posts\/88548","targetHints":{"allow":["GET"]}}],"collection":[{"href":"https:\/\/eldiariodesanpedro.com.ar\/sitio\/wp-json\/wp\/v2\/posts"}],"about":[{"href":"https:\/\/eldiariodesanpedro.com.ar\/sitio\/wp-json\/wp\/v2\/types\/post"}],"author":[{"embeddable":true,"href":"https:\/\/eldiariodesanpedro.com.ar\/sitio\/wp-json\/wp\/v2\/users\/4"}],"replies":[{"embeddable":true,"href":"https:\/\/eldiariodesanpedro.com.ar\/sitio\/wp-json\/wp\/v2\/comments?post=88548"}],"version-history":[{"count":1,"href":"https:\/\/eldiariodesanpedro.com.ar\/sitio\/wp-json\/wp\/v2\/posts\/88548\/revisions"}],"predecessor-version":[{"id":88550,"href":"https:\/\/eldiariodesanpedro.com.ar\/sitio\/wp-json\/wp\/v2\/posts\/88548\/revisions\/88550"}],"wp:featuredmedia":[{"embeddable":true,"href":"https:\/\/eldiariodesanpedro.com.ar\/sitio\/wp-json\/wp\/v2\/media\/88549"}],"wp:attachment":[{"href":"https:\/\/eldiariodesanpedro.com.ar\/sitio\/wp-json\/wp\/v2\/media?parent=88548"}],"wp:term":[{"taxonomy":"category","embeddable":true,"href":"https:\/\/eldiariodesanpedro.com.ar\/sitio\/wp-json\/wp\/v2\/categories?post=88548"},{"taxonomy":"post_tag","embeddable":true,"href":"https:\/\/eldiariodesanpedro.com.ar\/sitio\/wp-json\/wp\/v2\/tags?post=88548"}],"curies":[{"name":"wp","href":"https:\/\/api.w.org\/{rel}","templated":true}]}}