{"id":88545,"date":"2021-03-04T10:57:05","date_gmt":"2021-03-04T13:57:05","guid":{"rendered":"https:\/\/eldiariodesanpedro.com.ar\/sitio\/?p=88545"},"modified":"2021-03-04T10:57:14","modified_gmt":"2021-03-04T13:57:14","slug":"coronavirus-se-recibieron-42-negativos-y-21-positivos-losa-activos-son-83","status":"publish","type":"post","link":"https:\/\/eldiariodesanpedro.com.ar\/sitio\/coronavirus-se-recibieron-42-negativos-y-21-positivos-losa-activos-son-83\/","title":{"rendered":"Coronavirus: Se recibieron 42 negativos y 21 positivos. losa activos son 83"},"content":{"rendered":"<!-- VideographyWP Plugin Message: Automatic video embedding prevented by plugin options. -->\n\n<p>La Secretar\u00eda de Salud de la Municipalidad de San Pedro brinda el informe que acompa\u00f1a la placa del d\u00eda de la fecha, en el seguimiento de la Pandemia de Covid-19.<\/p>\n\n\n\n<p>Se recibieron los resultados del \u00faltimo env\u00edo de muestras con 42 negativos y 21 positivos.<\/p>\n\n\n\n<p>La distribuci\u00f3n de los nuevos casos positivos es la siguiente:<br>14 mujeres de 21, 34, 39, 40, 42, 44, 54, 50, 55, 62, 65, 68 y 69 a\u00f1os (2).<br>7 hombres de 31, 41, 45, 47, 57, 60, 71<\/p>\n\n\n\n<p>En el d\u00eda de hoy se cargaron 13 altas<br>Resumen actualizado de informaci\u00f3n oficial<\/p>\n\n\n\n<p>Los datos consignados en este informe corresponden a ex\u00e1menes realizados por PCR y en el sistema p\u00fablico.<\/p>\n\n\n\n<p>Positivos desde el inicio de la Pandemia: 2325<br>Activos: 83<br>Recuperados: 2162<br>Fallecidos: 80<br>Negativos desde el inicio de la Pandemia: 3517<\/p>\n\n\n\n<p>&#x1f449; Usar tapabocas.<br>&#x1f449; Mantener la distancia m\u00ednima de 2 metros.<br>&#x1f449; Extremar la higiene de los espacios.<br>&#x1f449; Mantener las manos limpias.<\/p>\n\n\n\n<p>Se recuerda que, ante s\u00edntomas de tos seca, fiebre y dolor de garganta se puede llamar al 148 o 107.<\/p>\n\n\n\n<figure class=\"wp-block-image size-large\"><img decoding=\"async\" width=\"1024\" height=\"992\" data-attachment-id=\"88546\" data-permalink=\"https:\/\/eldiariodesanpedro.com.ar\/sitio\/coronavirus-se-recibieron-42-negativos-y-21-positivos-losa-activos-son-83\/whatsapp-image-2021-03-04-at-10-40-09\/\" data-orig-file=\"https:\/\/eldiariodesanpedro.com.ar\/sitio\/wp-content\/uploads\/2021\/03\/WhatsApp-Image-2021-03-04-at-10.40.09.jpeg\" data-orig-size=\"1280,1240\" data-comments-opened=\"1\" data-image-meta=\"{&quot;aperture&quot;:&quot;0&quot;,&quot;credit&quot;:&quot;&quot;,&quot;camera&quot;:&quot;&quot;,&quot;caption&quot;:&quot;&quot;,&quot;created_timestamp&quot;:&quot;0&quot;,&quot;copyright&quot;:&quot;&quot;,&quot;focal_length&quot;:&quot;0&quot;,&quot;iso&quot;:&quot;0&quot;,&quot;shutter_speed&quot;:&quot;0&quot;,&quot;title&quot;:&quot;&quot;,&quot;orientation&quot;:&quot;0&quot;}\" data-image-title=\"WhatsApp Image 2021-03-04 at 10.40.09\" data-image-description=\"\" data-image-caption=\"\" data-large-file=\"https:\/\/eldiariodesanpedro.com.ar\/sitio\/wp-content\/uploads\/2021\/03\/WhatsApp-Image-2021-03-04-at-10.40.09-1024x992.jpeg\" data-src=\"https:\/\/eldiariodesanpedro.com.ar\/sitio\/wp-content\/uploads\/2021\/03\/WhatsApp-Image-2021-03-04-at-10.40.09-1024x992.jpeg\" alt=\"\" class=\"wp-image-88546 lazyload\" data-srcset=\"https:\/\/eldiariodesanpedro.com.ar\/sitio\/wp-content\/uploads\/2021\/03\/WhatsApp-Image-2021-03-04-at-10.40.09-1024x992.jpeg 1024w, https:\/\/eldiariodesanpedro.com.ar\/sitio\/wp-content\/uploads\/2021\/03\/WhatsApp-Image-2021-03-04-at-10.40.09-300x291.jpeg 300w, https:\/\/eldiariodesanpedro.com.ar\/sitio\/wp-content\/uploads\/2021\/03\/WhatsApp-Image-2021-03-04-at-10.40.09-768x744.jpeg 768w, https:\/\/eldiariodesanpedro.com.ar\/sitio\/wp-content\/uploads\/2021\/03\/WhatsApp-Image-2021-03-04-at-10.40.09.jpeg 1280w\" data-sizes=\"(max-width: 1024px) 100vw, 1024px\" src=\"data:image\/svg+xml;base64,PHN2ZyB3aWR0aD0iMSIgaGVpZ2h0PSIxIiB4bWxucz0iaHR0cDovL3d3dy53My5vcmcvMjAwMC9zdmciPjwvc3ZnPg==\" style=\"--smush-placeholder-width: 1024px; --smush-placeholder-aspect-ratio: 1024\/992;\" \/><\/figure>\n","protected":false},"excerpt":{"rendered":"<p>La Secretar\u00eda de Salud de la Municipalidad de San Pedro brinda el informe que acompa\u00f1a la placa del d\u00eda de la fecha, en el seguimiento de la Pandemia de Covid-19. Se recibieron los resultados del \u00faltimo env\u00edo de muestras con 42 negativos y 21 positivos. La distribuci\u00f3n de los nuevos casos positivos es la siguiente:14 [&hellip;]<\/p>\n","protected":false},"author":4,"featured_media":75824,"comment_status":"open","ping_status":"closed","sticky":false,"template":"","format":"standard","meta":{"om_disable_all_campaigns":false,"_jetpack_memberships_contains_paid_content":false,"footnotes":""},"categories":[50,101,2],"tags":[],"class_list":["post-88545","post","type-post","status-publish","format-standard","has-post-thumbnail","hentry","category-destacadas","category-interes-general-locales","category-locales"],"aioseo_notices":[],"gutentor_comment":0,"jetpack_featured_media_url":"https:\/\/eldiariodesanpedro.com.ar\/sitio\/wp-content\/uploads\/2020\/06\/coronavirus-2_124fd4e7k7j5f1lzjl9z2tf65c.jpg","jetpack_shortlink":"https:\/\/wp.me\/p6RhLt-n29","jetpack_sharing_enabled":true,"_links":{"self":[{"href":"https:\/\/eldiariodesanpedro.com.ar\/sitio\/wp-json\/wp\/v2\/posts\/88545","targetHints":{"allow":["GET"]}}],"collection":[{"href":"https:\/\/eldiariodesanpedro.com.ar\/sitio\/wp-json\/wp\/v2\/posts"}],"about":[{"href":"https:\/\/eldiariodesanpedro.com.ar\/sitio\/wp-json\/wp\/v2\/types\/post"}],"author":[{"embeddable":true,"href":"https:\/\/eldiariodesanpedro.com.ar\/sitio\/wp-json\/wp\/v2\/users\/4"}],"replies":[{"embeddable":true,"href":"https:\/\/eldiariodesanpedro.com.ar\/sitio\/wp-json\/wp\/v2\/comments?post=88545"}],"version-history":[{"count":1,"href":"https:\/\/eldiariodesanpedro.com.ar\/sitio\/wp-json\/wp\/v2\/posts\/88545\/revisions"}],"predecessor-version":[{"id":88547,"href":"https:\/\/eldiariodesanpedro.com.ar\/sitio\/wp-json\/wp\/v2\/posts\/88545\/revisions\/88547"}],"wp:featuredmedia":[{"embeddable":true,"href":"https:\/\/eldiariodesanpedro.com.ar\/sitio\/wp-json\/wp\/v2\/media\/75824"}],"wp:attachment":[{"href":"https:\/\/eldiariodesanpedro.com.ar\/sitio\/wp-json\/wp\/v2\/media?parent=88545"}],"wp:term":[{"taxonomy":"category","embeddable":true,"href":"https:\/\/eldiariodesanpedro.com.ar\/sitio\/wp-json\/wp\/v2\/categories?post=88545"},{"taxonomy":"post_tag","embeddable":true,"href":"https:\/\/eldiariodesanpedro.com.ar\/sitio\/wp-json\/wp\/v2\/tags?post=88545"}],"curies":[{"name":"wp","href":"https:\/\/api.w.org\/{rel}","templated":true}]}}