{"id":88542,"date":"2021-03-04T10:53:52","date_gmt":"2021-03-04T13:53:52","guid":{"rendered":"https:\/\/eldiariodesanpedro.com.ar\/sitio\/?p=88542"},"modified":"2021-03-04T10:54:01","modified_gmt":"2021-03-04T13:54:01","slug":"se-presento-el-desfile-san-pedro-moda-show","status":"publish","type":"post","link":"https:\/\/eldiariodesanpedro.com.ar\/sitio\/se-presento-el-desfile-san-pedro-moda-show\/","title":{"rendered":"Se presento el Desfile San Pedro Moda Show"},"content":{"rendered":"<!-- VideographyWP Plugin Message: Automatic video embedding prevented by plugin options. -->\n\n<p>Se present\u00f3 oficialmente con una conferencia de prensa en la Casona de la Secretar\u00eda de Turismo el Desfile San Pedro Moda Show, abriendo caminos, que bajo la realizaci\u00f3n de CIJ Producciones y el auspicio de la Municipalidad de San Pedro, tendr\u00e1 lugar este domingo 7 de marzo desde las 19 sobre una pasarela montada en la Plazoleta Fray Cayetano Rodr\u00edguez.<\/p>\n\n\n\n<p>La Secretaria de Turismo Marcela Cu\u00f1er, la Direcrota de Turismo Mar\u00eda Jos\u00e9 Mora y Aneta Peredo de la productora que viene organizando las funciones de teatro al aire libre, Maria Jose Guerrero de la Peluqueria \u00abZona Vip\u00bb y Romina Jualler experta en maquillaje dieron detalles de este evento con el que se cierra la temporada de verano. La producci\u00f3n general corre por cuenta de los responsables del programa La Jaula de la Moda (Mazgine TV) y dos de sus conductores, Mariano Caprarola y Fabi\u00e1n Medina Flores estar\u00e1n en la conducci\u00f3n.<\/p>\n\n\n\n<p>Participar\u00e1n modelos profesionales e invitadas y habr\u00e1 un cierre de Alta Costura con prendas del dise\u00f1ador y Claudio Cosano. El prestigio dentro del rubro de los protagonistas y organizadores asegura adem\u00e1s otra importante acci\u00f3n de promoci\u00f3n para nuestra ciudad que podr\u00e1 verse a trav\u00e9s de se\u00f1ales y plataformas de importante demanda, mostrando en este caso, uno de los lugares m\u00e1s bonitos de San Pedro.<\/p>\n\n\n\n<p>La Secretaria de Turismo Marcela Cu\u00f1er comparti\u00f3 detalles de esta invitaci\u00f3n para sampedrinos y turistas, remarcando que ser\u00e1 cumpliendo con todos los protocolos de seguridad y distancia. Se indic\u00f3 ademas que se dispondr\u00e1n sillas en el sector elegido y que el desfile comenzar\u00e1 a las 19, permitiendo el ingreso anticipado por orden de llegada.<\/p>\n\n\n\n<p>La entrada ser\u00e1 libre y gratuita y se invita a los concurrentes a llevar \u00fatiles escolares que luego ser\u00e1n entregados en una donaci\u00f3n conjunta de la Municipalidad de San Pedro y la producci\u00f3n del desfile.<\/p>\n","protected":false},"excerpt":{"rendered":"<p>Se present\u00f3 oficialmente con una conferencia de prensa en la Casona de la Secretar\u00eda de Turismo el Desfile San Pedro Moda Show, abriendo caminos, que bajo la realizaci\u00f3n de CIJ Producciones y el auspicio de la Municipalidad de San Pedro, tendr\u00e1 lugar este domingo 7 de marzo desde las 19 sobre una pasarela montada en [&hellip;]<\/p>\n","protected":false},"author":4,"featured_media":88543,"comment_status":"open","ping_status":"closed","sticky":false,"template":"","format":"standard","meta":{"om_disable_all_campaigns":false,"_jetpack_memberships_contains_paid_content":false,"footnotes":""},"categories":[50,101,2],"tags":[],"class_list":["post-88542","post","type-post","status-publish","format-standard","has-post-thumbnail","hentry","category-destacadas","category-interes-general-locales","category-locales"],"aioseo_notices":[],"gutentor_comment":0,"jetpack_featured_media_url":"https:\/\/eldiariodesanpedro.com.ar\/sitio\/wp-content\/uploads\/2021\/03\/WhatsApp-Image-2021-03-04-at-08.33.01.jpeg","jetpack_shortlink":"https:\/\/wp.me\/p6RhLt-n26","jetpack_sharing_enabled":true,"_links":{"self":[{"href":"https:\/\/eldiariodesanpedro.com.ar\/sitio\/wp-json\/wp\/v2\/posts\/88542","targetHints":{"allow":["GET"]}}],"collection":[{"href":"https:\/\/eldiariodesanpedro.com.ar\/sitio\/wp-json\/wp\/v2\/posts"}],"about":[{"href":"https:\/\/eldiariodesanpedro.com.ar\/sitio\/wp-json\/wp\/v2\/types\/post"}],"author":[{"embeddable":true,"href":"https:\/\/eldiariodesanpedro.com.ar\/sitio\/wp-json\/wp\/v2\/users\/4"}],"replies":[{"embeddable":true,"href":"https:\/\/eldiariodesanpedro.com.ar\/sitio\/wp-json\/wp\/v2\/comments?post=88542"}],"version-history":[{"count":1,"href":"https:\/\/eldiariodesanpedro.com.ar\/sitio\/wp-json\/wp\/v2\/posts\/88542\/revisions"}],"predecessor-version":[{"id":88544,"href":"https:\/\/eldiariodesanpedro.com.ar\/sitio\/wp-json\/wp\/v2\/posts\/88542\/revisions\/88544"}],"wp:featuredmedia":[{"embeddable":true,"href":"https:\/\/eldiariodesanpedro.com.ar\/sitio\/wp-json\/wp\/v2\/media\/88543"}],"wp:attachment":[{"href":"https:\/\/eldiariodesanpedro.com.ar\/sitio\/wp-json\/wp\/v2\/media?parent=88542"}],"wp:term":[{"taxonomy":"category","embeddable":true,"href":"https:\/\/eldiariodesanpedro.com.ar\/sitio\/wp-json\/wp\/v2\/categories?post=88542"},{"taxonomy":"post_tag","embeddable":true,"href":"https:\/\/eldiariodesanpedro.com.ar\/sitio\/wp-json\/wp\/v2\/tags?post=88542"}],"curies":[{"name":"wp","href":"https:\/\/api.w.org\/{rel}","templated":true}]}}