{"id":88539,"date":"2021-03-04T10:51:38","date_gmt":"2021-03-04T13:51:38","guid":{"rendered":"https:\/\/eldiariodesanpedro.com.ar\/sitio\/?p=88539"},"modified":"2021-03-04T10:51:39","modified_gmt":"2021-03-04T13:51:39","slug":"fue-hallado-el-cuerpo-de-paulino-avila-y-fue-reconocido-por-la-familia","status":"publish","type":"post","link":"https:\/\/eldiariodesanpedro.com.ar\/sitio\/fue-hallado-el-cuerpo-de-paulino-avila-y-fue-reconocido-por-la-familia\/","title":{"rendered":"Fue hallado el cuerpo de Paulino Avila y fue reconocido por la familia"},"content":{"rendered":"<!-- VideographyWP Plugin Message: Automatic video embedding prevented by plugin options. -->\n\n<p>Fue encontrado este mi\u00e9rcoles y, por la vestimenta y las caracter\u00edsticas f\u00edsicas, se tratar\u00eda de Paulino \u00c1vila, el hombre oriundo de San Pedro que era buscado desde hace se\u00eds d\u00edas en la zona. Se realizar\u00e1 una autopsia para confirmar la identidad.\u00a0<\/p>\n\n\n\n<p>Esta tarde se hall\u00f3 el cuerpo sin vida de un hombre bajo el Puente Z\u00e1rate Brazo Largo y se presume que se tratar\u00eda de Paulino Miguel \u00c1vila.<\/p>\n\n\n\n<p>El hallazgo fue realizado por brigadistas de K9 con la participaci\u00f3n de Defensa Civil de Campana y otras fuerzas de seguridad y, seg\u00fan trascendi\u00f3, coincidir\u00eda la vestimenta y los rasgos f\u00edsicos descriptos en la denuncia por su desaparici\u00f3n. No obstante, se deber\u00e1 esperar el resultado de la autopsia para confirmar su identidad.<\/p>\n\n\n\n<p>\u00c1vila, oriundo de San Pedro y de 43 a\u00f1os de edad, era buscado desde el 26 de febrero en la zona donde se hall\u00f3 el cuerpo luego de que se encontrara abandonado en el lugar su autom\u00f3vil y la denuncia de su familia por su ausencia, a quienes les anticip\u00f3 la dr\u00e1stica decisi\u00f3n.<\/p>\n\n\n\n<p>La Familia reconoci\u00f3 el cuerpo este jueves por la noche.<\/p>\n","protected":false},"excerpt":{"rendered":"<p>Fue encontrado este mi\u00e9rcoles y, por la vestimenta y las caracter\u00edsticas f\u00edsicas, se tratar\u00eda de Paulino \u00c1vila, el hombre oriundo de San Pedro que era buscado desde hace se\u00eds d\u00edas en la zona. Se realizar\u00e1 una autopsia para confirmar la identidad.\u00a0 Esta tarde se hall\u00f3 el cuerpo sin vida de un hombre bajo el Puente [&hellip;]<\/p>\n","protected":false},"author":4,"featured_media":88540,"comment_status":"open","ping_status":"closed","sticky":false,"template":"","format":"standard","meta":{"om_disable_all_campaigns":false,"_jetpack_memberships_contains_paid_content":false,"footnotes":""},"categories":[50,2,103],"tags":[],"class_list":["post-88539","post","type-post","status-publish","format-standard","has-post-thumbnail","hentry","category-destacadas","category-locales","category-policiales-locales"],"aioseo_notices":[],"gutentor_comment":0,"jetpack_featured_media_url":"https:\/\/eldiariodesanpedro.com.ar\/sitio\/wp-content\/uploads\/2021\/03\/20210303111156.jpg","jetpack_shortlink":"https:\/\/wp.me\/p6RhLt-n23","jetpack_sharing_enabled":true,"_links":{"self":[{"href":"https:\/\/eldiariodesanpedro.com.ar\/sitio\/wp-json\/wp\/v2\/posts\/88539","targetHints":{"allow":["GET"]}}],"collection":[{"href":"https:\/\/eldiariodesanpedro.com.ar\/sitio\/wp-json\/wp\/v2\/posts"}],"about":[{"href":"https:\/\/eldiariodesanpedro.com.ar\/sitio\/wp-json\/wp\/v2\/types\/post"}],"author":[{"embeddable":true,"href":"https:\/\/eldiariodesanpedro.com.ar\/sitio\/wp-json\/wp\/v2\/users\/4"}],"replies":[{"embeddable":true,"href":"https:\/\/eldiariodesanpedro.com.ar\/sitio\/wp-json\/wp\/v2\/comments?post=88539"}],"version-history":[{"count":1,"href":"https:\/\/eldiariodesanpedro.com.ar\/sitio\/wp-json\/wp\/v2\/posts\/88539\/revisions"}],"predecessor-version":[{"id":88541,"href":"https:\/\/eldiariodesanpedro.com.ar\/sitio\/wp-json\/wp\/v2\/posts\/88539\/revisions\/88541"}],"wp:featuredmedia":[{"embeddable":true,"href":"https:\/\/eldiariodesanpedro.com.ar\/sitio\/wp-json\/wp\/v2\/media\/88540"}],"wp:attachment":[{"href":"https:\/\/eldiariodesanpedro.com.ar\/sitio\/wp-json\/wp\/v2\/media?parent=88539"}],"wp:term":[{"taxonomy":"category","embeddable":true,"href":"https:\/\/eldiariodesanpedro.com.ar\/sitio\/wp-json\/wp\/v2\/categories?post=88539"},{"taxonomy":"post_tag","embeddable":true,"href":"https:\/\/eldiariodesanpedro.com.ar\/sitio\/wp-json\/wp\/v2\/tags?post=88539"}],"curies":[{"name":"wp","href":"https:\/\/api.w.org\/{rel}","templated":true}]}}