{"id":88525,"date":"2021-03-03T12:50:27","date_gmt":"2021-03-03T15:50:27","guid":{"rendered":"https:\/\/eldiariodesanpedro.com.ar\/sitio\/?p=88525"},"modified":"2021-03-03T12:50:30","modified_gmt":"2021-03-03T15:50:30","slug":"tiro-federal-argentino-de-san-pedro-convocatoria-a-asamblea-extraordinaria-y-ordinaria","status":"publish","type":"post","link":"https:\/\/eldiariodesanpedro.com.ar\/sitio\/tiro-federal-argentino-de-san-pedro-convocatoria-a-asamblea-extraordinaria-y-ordinaria\/","title":{"rendered":"Tiro Federal Argentino de San Pedro &#8211; Convocatoria a Asamblea Extraordinaria y Ordinaria"},"content":{"rendered":"<!-- VideographyWP Plugin Message: Automatic video embedding prevented by plugin options. -->\n\n<p><strong>TIRO FEDERAL ARGENTINO DE SAN PEDRO<\/strong><\/p>\n\n\n\n<p>CONVOCATORIA A ASAMBLEA EXTRAORDINARIA Y ORDINARIA<\/p>\n\n\n\n<p>Conforme lo dispuesto por el art\u00edculo 29, 30, 32 y 36 del estatuto social, se convoca a los se\u00f1ores y se\u00f1oras socios del Tiro Federal Argentino de San Pedro a Asamblea Extraordinaria y a Asamblea General Ordinaria correspondiente a los ejercicios 2019 y 2020, a realizarse en la sede social sita en Avda Espa\u00f1a S\/N de San Pedro el d\u00eda 7 de abril de 2021 a las 20 hs., a fin de tratar el siguiente orden del d\u00eda:<\/p>\n\n\n\n<p>De la Asamblea Extraordinaria:<br>1) Modificaci\u00f3n art\u00edculo 17 del Estatuto Social respecto de la duraci\u00f3n de los mandatos de los miembros de Comisi\u00f3n Directiva y Comisi\u00f3n Revisora de Cuentas. Se propone que los mandatos tengan una duraci\u00f3n de DOS (2) a\u00f1os desde la fecha de celebraci\u00f3n de la Asamblea que se convoca.<\/p>\n\n\n\n<p>De la Asamblea Ordinaria:<br>1) Consideraci\u00f3n de Memoria y Balance General del ejercicio 2020<br>2) Elecci\u00f3n de autoridades para integrar la Comisi\u00f3n Directiva y la Comisi\u00f3n Revisora de Cuentas por el per\u00edodo que prescribe el art. 17 del Estatuto Social<\/p>\n\n\n\n<p>Alexis Ignacio Ayala &#8211; <strong>Secretario<\/strong><br>Leonardo Ra\u00fal Butti &#8211; <strong>Presidente<\/strong><\/p>\n","protected":false},"excerpt":{"rendered":"<p>TIRO FEDERAL ARGENTINO DE SAN PEDRO CONVOCATORIA A ASAMBLEA EXTRAORDINARIA Y ORDINARIA Conforme lo dispuesto por el art\u00edculo 29, 30, 32 y 36 del estatuto social, se convoca a los se\u00f1ores y se\u00f1oras socios del Tiro Federal Argentino de San Pedro a Asamblea Extraordinaria y a Asamblea General Ordinaria correspondiente a los ejercicios 2019 y [&hellip;]<\/p>\n","protected":false},"author":4,"featured_media":88527,"comment_status":"open","ping_status":"closed","sticky":false,"template":"","format":"standard","meta":{"om_disable_all_campaigns":false,"_jetpack_memberships_contains_paid_content":false,"footnotes":""},"categories":[678,676],"tags":[],"class_list":["post-88525","post","type-post","status-publish","format-standard","has-post-thumbnail","hentry","category-convocatorias","category-edictos"],"aioseo_notices":[],"gutentor_comment":0,"jetpack_featured_media_url":"https:\/\/eldiariodesanpedro.com.ar\/sitio\/wp-content\/uploads\/2021\/03\/Tiro-Federal-marzo-2021.jpg","jetpack_shortlink":"https:\/\/wp.me\/p6RhLt-n1P","jetpack_sharing_enabled":true,"_links":{"self":[{"href":"https:\/\/eldiariodesanpedro.com.ar\/sitio\/wp-json\/wp\/v2\/posts\/88525","targetHints":{"allow":["GET"]}}],"collection":[{"href":"https:\/\/eldiariodesanpedro.com.ar\/sitio\/wp-json\/wp\/v2\/posts"}],"about":[{"href":"https:\/\/eldiariodesanpedro.com.ar\/sitio\/wp-json\/wp\/v2\/types\/post"}],"author":[{"embeddable":true,"href":"https:\/\/eldiariodesanpedro.com.ar\/sitio\/wp-json\/wp\/v2\/users\/4"}],"replies":[{"embeddable":true,"href":"https:\/\/eldiariodesanpedro.com.ar\/sitio\/wp-json\/wp\/v2\/comments?post=88525"}],"version-history":[{"count":1,"href":"https:\/\/eldiariodesanpedro.com.ar\/sitio\/wp-json\/wp\/v2\/posts\/88525\/revisions"}],"predecessor-version":[{"id":88526,"href":"https:\/\/eldiariodesanpedro.com.ar\/sitio\/wp-json\/wp\/v2\/posts\/88525\/revisions\/88526"}],"wp:featuredmedia":[{"embeddable":true,"href":"https:\/\/eldiariodesanpedro.com.ar\/sitio\/wp-json\/wp\/v2\/media\/88527"}],"wp:attachment":[{"href":"https:\/\/eldiariodesanpedro.com.ar\/sitio\/wp-json\/wp\/v2\/media?parent=88525"}],"wp:term":[{"taxonomy":"category","embeddable":true,"href":"https:\/\/eldiariodesanpedro.com.ar\/sitio\/wp-json\/wp\/v2\/categories?post=88525"},{"taxonomy":"post_tag","embeddable":true,"href":"https:\/\/eldiariodesanpedro.com.ar\/sitio\/wp-json\/wp\/v2\/tags?post=88525"}],"curies":[{"name":"wp","href":"https:\/\/api.w.org\/{rel}","templated":true}]}}