{"id":8849,"date":"2016-10-14T20:23:50","date_gmt":"2016-10-14T23:23:50","guid":{"rendered":"https:\/\/eldiariodesanpedro.com.ar\/sitio\/?p=8849"},"modified":"2016-10-14T20:23:50","modified_gmt":"2016-10-14T23:23:50","slug":"docentes-sampedrinos-participaron-del-abrazo-al-ips","status":"publish","type":"post","link":"https:\/\/eldiariodesanpedro.com.ar\/sitio\/docentes-sampedrinos-participaron-del-abrazo-al-ips\/","title":{"rendered":"Docentes sampedrinos participaron del \u201cabrazo\u201d al IPS"},"content":{"rendered":"<p><!-- VideographyWP Plugin Message: Automatic video embedding prevented by plugin options. --><br \/>\nEl Frente Gremial Docente que lideran FEB y Suteba se movilizaron este viernes, en La Plata, para realizar un \u201cabrazo\u201d al Instituto de Previsi\u00f3n Social (IPS) contra la \u201cley de armonizaci\u00f3n\u201d entre los organismos previsionales del pa\u00eds y la Anses.<br \/>\nLos gremios advierten que, si esta norma avanza, los maestros que dependen del IPS se jubilar\u00edan a los 60 y 65 a\u00f1os, seg\u00fan sean mujeres u hombres, mientras que en la actualidad pueden hacerlo a partir de los 50 con 25 a\u00f1os de aportes.<br \/>\nLa Uni\u00f3n de Docentes Bonaerenses (Udocba), un gremio minoritario del sector, ratific\u00f3 por su parte la convocatoria a un nuevo paro para el lunes 17 para reclamar un sueldo b\u00e1sico de 12 mil pesos, blanqueo salarial, saneamiento del IOMA, inversiones en infraestructura escolar y comedores, entre otros puntos.<\/p>\n","protected":false},"excerpt":{"rendered":"<p>El Frente Gremial Docente que lideran FEB y Suteba se movilizaron este viernes, en La Plata, para realizar un \u201cabrazo\u201d al Instituto de Previsi\u00f3n Social (IPS) contra la \u201cley de armonizaci\u00f3n\u201d entre los organismos previsionales del pa\u00eds y la Anses. Los gremios advierten que, si esta norma avanza, los maestros que dependen del IPS se [&hellip;]<\/p>\n","protected":false},"author":4,"featured_media":8850,"comment_status":"open","ping_status":"closed","sticky":false,"template":"","format":"standard","meta":{"om_disable_all_campaigns":false,"_jetpack_memberships_contains_paid_content":false,"footnotes":""},"categories":[101,2],"tags":[],"class_list":["post-8849","post","type-post","status-publish","format-standard","has-post-thumbnail","hentry","category-interes-general-locales","category-locales"],"aioseo_notices":[],"gutentor_comment":0,"jetpack_featured_media_url":"https:\/\/eldiariodesanpedro.com.ar\/sitio\/wp-content\/uploads\/2016\/10\/Frente-gremial-docente2016.jpg","jetpack_shortlink":"https:\/\/wp.me\/p6RhLt-2iJ","jetpack_sharing_enabled":true,"_links":{"self":[{"href":"https:\/\/eldiariodesanpedro.com.ar\/sitio\/wp-json\/wp\/v2\/posts\/8849","targetHints":{"allow":["GET"]}}],"collection":[{"href":"https:\/\/eldiariodesanpedro.com.ar\/sitio\/wp-json\/wp\/v2\/posts"}],"about":[{"href":"https:\/\/eldiariodesanpedro.com.ar\/sitio\/wp-json\/wp\/v2\/types\/post"}],"author":[{"embeddable":true,"href":"https:\/\/eldiariodesanpedro.com.ar\/sitio\/wp-json\/wp\/v2\/users\/4"}],"replies":[{"embeddable":true,"href":"https:\/\/eldiariodesanpedro.com.ar\/sitio\/wp-json\/wp\/v2\/comments?post=8849"}],"version-history":[{"count":1,"href":"https:\/\/eldiariodesanpedro.com.ar\/sitio\/wp-json\/wp\/v2\/posts\/8849\/revisions"}],"predecessor-version":[{"id":8851,"href":"https:\/\/eldiariodesanpedro.com.ar\/sitio\/wp-json\/wp\/v2\/posts\/8849\/revisions\/8851"}],"wp:featuredmedia":[{"embeddable":true,"href":"https:\/\/eldiariodesanpedro.com.ar\/sitio\/wp-json\/wp\/v2\/media\/8850"}],"wp:attachment":[{"href":"https:\/\/eldiariodesanpedro.com.ar\/sitio\/wp-json\/wp\/v2\/media?parent=8849"}],"wp:term":[{"taxonomy":"category","embeddable":true,"href":"https:\/\/eldiariodesanpedro.com.ar\/sitio\/wp-json\/wp\/v2\/categories?post=8849"},{"taxonomy":"post_tag","embeddable":true,"href":"https:\/\/eldiariodesanpedro.com.ar\/sitio\/wp-json\/wp\/v2\/tags?post=8849"}],"curies":[{"name":"wp","href":"https:\/\/api.w.org\/{rel}","templated":true}]}}