{"id":88399,"date":"2021-03-01T18:25:58","date_gmt":"2021-03-01T21:25:58","guid":{"rendered":"https:\/\/eldiariodesanpedro.com.ar\/sitio\/?p=88399"},"modified":"2021-03-01T18:26:03","modified_gmt":"2021-03-01T21:26:03","slug":"este-ano-se-creara-un-nuevo-dni-electronico-que-se-tramitara-100-via-web","status":"publish","type":"post","link":"https:\/\/eldiariodesanpedro.com.ar\/sitio\/este-ano-se-creara-un-nuevo-dni-electronico-que-se-tramitara-100-via-web\/","title":{"rendered":"Este a\u00f1o se crear\u00e1 un nuevo \u201cDNI electr\u00f3nico\u201d que se tramitar\u00e1 100% v\u00eda web"},"content":{"rendered":"<!-- VideographyWP Plugin Message: Automatic video embedding prevented by plugin options. -->\n\n<p>As\u00ed lo adelant\u00f3 Alberto Fern\u00e1ndez en el marco de su discurso ante la Asamblea Legislativa al dejar inaugurado un nuevo periodo de sesiones ordinarias.<br>En el marco de la apertura de sesiones ordinarias del Congreso de la Naci\u00f3n, el presidente Alberto Fern\u00e1ndez adelant\u00f3 que en breve se pondr\u00e1 en vigencia \u201cel DNI electr\u00f3nico\u201d.<\/p>\n\n\n\n<p>Seg\u00fan explic\u00f3 el mandatario al destacar el avance de la digitalizaci\u00f3n de numerosos procesos del Estado, el Presidente adelant\u00f3 que \u201cen poco tiempo m\u00e1s tendremos el DNI electr\u00f3nico a trav\u00e9s de un nuevo documento tarjeta con chip que, al igual que el pasaporte, va a facilitar su tramitaci\u00f3n que se podr\u00e1 hacer de manera 100% remota\u201d.<\/p>\n\n\n\n<p>En ese sentido Fern\u00e1ndez celebr\u00f3 que \u201ccada vez m\u00e1s gobiernos provinciales y municipales se est\u00e1n digitalizando. Apoyamos el desarrollo de Registros Civiles digitales accediendo en l\u00ednea a la informaci\u00f3n y documentraci\u00f3n registral, la expedici\u00f3n de partidas y constancias digitales y esperamos que m\u00e1s de 100 tr\u00e1mites de distintos organismos sean 100% digitales en poco tiempo m\u00e1s\u201d.<\/p>\n","protected":false},"excerpt":{"rendered":"<p>As\u00ed lo adelant\u00f3 Alberto Fern\u00e1ndez en el marco de su discurso ante la Asamblea Legislativa al dejar inaugurado un nuevo periodo de sesiones ordinarias.En el marco de la apertura de sesiones ordinarias del Congreso de la Naci\u00f3n, el presidente Alberto Fern\u00e1ndez adelant\u00f3 que en breve se pondr\u00e1 en vigencia \u201cel DNI electr\u00f3nico\u201d. Seg\u00fan explic\u00f3 el [&hellip;]<\/p>\n","protected":false},"author":4,"featured_media":88400,"comment_status":"open","ping_status":"closed","sticky":false,"template":"","format":"standard","meta":{"om_disable_all_campaigns":false,"_jetpack_memberships_contains_paid_content":false,"footnotes":""},"categories":[621],"tags":[],"class_list":["post-88399","post","type-post","status-publish","format-standard","has-post-thumbnail","hentry","category-regionales"],"aioseo_notices":[],"gutentor_comment":0,"jetpack_featured_media_url":"https:\/\/eldiariodesanpedro.com.ar\/sitio\/wp-content\/uploads\/2021\/03\/dnijpg-1.jpg","jetpack_shortlink":"https:\/\/wp.me\/p6RhLt-mZN","jetpack_sharing_enabled":true,"_links":{"self":[{"href":"https:\/\/eldiariodesanpedro.com.ar\/sitio\/wp-json\/wp\/v2\/posts\/88399","targetHints":{"allow":["GET"]}}],"collection":[{"href":"https:\/\/eldiariodesanpedro.com.ar\/sitio\/wp-json\/wp\/v2\/posts"}],"about":[{"href":"https:\/\/eldiariodesanpedro.com.ar\/sitio\/wp-json\/wp\/v2\/types\/post"}],"author":[{"embeddable":true,"href":"https:\/\/eldiariodesanpedro.com.ar\/sitio\/wp-json\/wp\/v2\/users\/4"}],"replies":[{"embeddable":true,"href":"https:\/\/eldiariodesanpedro.com.ar\/sitio\/wp-json\/wp\/v2\/comments?post=88399"}],"version-history":[{"count":1,"href":"https:\/\/eldiariodesanpedro.com.ar\/sitio\/wp-json\/wp\/v2\/posts\/88399\/revisions"}],"predecessor-version":[{"id":88401,"href":"https:\/\/eldiariodesanpedro.com.ar\/sitio\/wp-json\/wp\/v2\/posts\/88399\/revisions\/88401"}],"wp:featuredmedia":[{"embeddable":true,"href":"https:\/\/eldiariodesanpedro.com.ar\/sitio\/wp-json\/wp\/v2\/media\/88400"}],"wp:attachment":[{"href":"https:\/\/eldiariodesanpedro.com.ar\/sitio\/wp-json\/wp\/v2\/media?parent=88399"}],"wp:term":[{"taxonomy":"category","embeddable":true,"href":"https:\/\/eldiariodesanpedro.com.ar\/sitio\/wp-json\/wp\/v2\/categories?post=88399"},{"taxonomy":"post_tag","embeddable":true,"href":"https:\/\/eldiariodesanpedro.com.ar\/sitio\/wp-json\/wp\/v2\/tags?post=88399"}],"curies":[{"name":"wp","href":"https:\/\/api.w.org\/{rel}","templated":true}]}}