{"id":88387,"date":"2021-03-01T12:51:32","date_gmt":"2021-03-01T15:51:32","guid":{"rendered":"https:\/\/eldiariodesanpedro.com.ar\/sitio\/?p=88387"},"modified":"2021-03-01T12:51:36","modified_gmt":"2021-03-01T15:51:36","slug":"pablo-ricardo-se-quedo-con-el-tc-850-en-la-vuelta-de-fedenor","status":"publish","type":"post","link":"https:\/\/eldiariodesanpedro.com.ar\/sitio\/pablo-ricardo-se-quedo-con-el-tc-850-en-la-vuelta-de-fedenor\/","title":{"rendered":"Pablo Ricardo se quedo con el TC 850 en la vuelta de FEDENOR"},"content":{"rendered":"<!-- VideographyWP Plugin Message: Automatic video embedding prevented by plugin options. -->\n\n<p>Adem\u00e1s, Pablo Marelli fue segundo. Potolo Hepp, en tanto, fue tercero en la Monomarca y Ezequiel Iglesias fue 4\u00b0 en el Turismo 1600.<\/p>\n\n\n\n<div class=\"wp-block-image\"><figure class=\"aligncenter size-large\"><img decoding=\"async\" width=\"465\" height=\"405\" data-attachment-id=\"88388\" data-permalink=\"https:\/\/eldiariodesanpedro.com.ar\/sitio\/pablo-ricardo-se-quedo-con-el-tc-850-en-la-vuelta-de-fedenor\/155067925_446945126530894_2570692213757657452_n\/\" data-orig-file=\"https:\/\/eldiariodesanpedro.com.ar\/sitio\/wp-content\/uploads\/2021\/03\/155067925_446945126530894_2570692213757657452_n.jpg\" data-orig-size=\"465,405\" data-comments-opened=\"1\" data-image-meta=\"{&quot;aperture&quot;:&quot;0&quot;,&quot;credit&quot;:&quot;&quot;,&quot;camera&quot;:&quot;&quot;,&quot;caption&quot;:&quot;&quot;,&quot;created_timestamp&quot;:&quot;0&quot;,&quot;copyright&quot;:&quot;&quot;,&quot;focal_length&quot;:&quot;0&quot;,&quot;iso&quot;:&quot;0&quot;,&quot;shutter_speed&quot;:&quot;0&quot;,&quot;title&quot;:&quot;&quot;,&quot;orientation&quot;:&quot;0&quot;}\" data-image-title=\"155067925_446945126530894_2570692213757657452_n\" data-image-description=\"\" data-image-caption=\"\" data-large-file=\"https:\/\/eldiariodesanpedro.com.ar\/sitio\/wp-content\/uploads\/2021\/03\/155067925_446945126530894_2570692213757657452_n.jpg\" data-src=\"https:\/\/eldiariodesanpedro.com.ar\/sitio\/wp-content\/uploads\/2021\/03\/155067925_446945126530894_2570692213757657452_n.jpg\" alt=\"\" class=\"wp-image-88388 lazyload\" data-srcset=\"https:\/\/eldiariodesanpedro.com.ar\/sitio\/wp-content\/uploads\/2021\/03\/155067925_446945126530894_2570692213757657452_n.jpg 465w, https:\/\/eldiariodesanpedro.com.ar\/sitio\/wp-content\/uploads\/2021\/03\/155067925_446945126530894_2570692213757657452_n-300x261.jpg 300w\" data-sizes=\"(max-width: 465px) 100vw, 465px\" src=\"data:image\/svg+xml;base64,PHN2ZyB3aWR0aD0iMSIgaGVpZ2h0PSIxIiB4bWxucz0iaHR0cDovL3d3dy53My5vcmcvMjAwMC9zdmciPjwvc3ZnPg==\" style=\"--smush-placeholder-width: 465px; --smush-placeholder-aspect-ratio: 465\/405;\" \/><\/figure><\/div>\n\n\n\n<p>Volvi\u00f3 el automovilismo zonal de FEDENOR y los pilotos sampedrinos fueron muy buenos protagonistas. La 1\u00b0 fecha del calendario 2021 se disput\u00f3 en el Aut\u00f3dromo \u00abEl Costanero\u00bb de Arrecifes y cont\u00f3 con la victoria de Pablo Ricardo en el TC 850. Adem\u00e1s, la categor\u00eda m\u00e1s atractiva de la Federaci\u00f3n Norte tuvo en el segundo lugar al excampe\u00f3n Pablo Marelli. En la Monomarca 128, Jorge Potolo Hepp consigui\u00f3 el tercer&nbsp;lugar.<\/p>\n\n\n\n<p>El TC 850 tuvo como ganador al sampedrino Pablo Ricardo, escoltado por otro piloto de San Pedro, el excampe\u00f3n de la categor\u00eda, Pablo Marelli. En tercer lugar arrib\u00f3 Carlos Rabanal. Franco Chaparro, Carlos B\u00e1ez y Daniel Codesido no completaron la final.<\/p>\n\n\n\n<p>La Monomarca 128 fue liderada por Marcelo Matkovich, seguido por Marcelo Fern\u00e1ndez Motta, mientras que Jorge \u00abPotolo\u00bb Hepp se subi\u00f3 al podio en tercer lugar.<\/p>\n\n\n\n<p>El Turismo Pista 1600 tuvo a Marcelo Fern\u00e1ndez como vencedor, mientras que Pablo Serra fue su escolta y Tom\u00e1s Bonello complet\u00f3 el podio.<\/p>\n\n\n\n<p>En el TC Zonal, Silvio Eraso fue el ganador, mientras que Gustavo Colombini fue segundo y Nicol\u00e1s Sartirana fue tercero.<\/p>\n\n\n\n<p>En el TC 4000 venci\u00f3 el Cay G\u00f3mez, seguido por Facundo Peluzza y Eduardo Reverter.<\/p>\n\n\n\n<p>En el TC del Norte triunf\u00f3 Claudiio Callaud, seguido por Silvio Eraso, mientras que Horacio S\u00e1nchez finaliz\u00f3 en tercer lugar.<\/p>\n\n\n\n<p>En la Promo 1100 venci\u00f3 Nicol\u00e1s Bonelli, escoltado por Gonzalo Abdorno Y Juan Gregoris.<\/p>\n","protected":false},"excerpt":{"rendered":"<p>Adem\u00e1s, Pablo Marelli fue segundo. Potolo Hepp, en tanto, fue tercero en la Monomarca y Ezequiel Iglesias fue 4\u00b0 en el Turismo 1600. Volvi\u00f3 el automovilismo zonal de FEDENOR y los pilotos sampedrinos fueron muy buenos protagonistas. La 1\u00b0 fecha del calendario 2021 se disput\u00f3 en el Aut\u00f3dromo \u00abEl Costanero\u00bb de Arrecifes y cont\u00f3 con [&hellip;]<\/p>\n","protected":false},"author":4,"featured_media":88389,"comment_status":"open","ping_status":"closed","sticky":false,"template":"","format":"standard","meta":{"om_disable_all_campaigns":false,"_jetpack_memberships_contains_paid_content":false,"footnotes":""},"categories":[2],"tags":[],"class_list":["post-88387","post","type-post","status-publish","format-standard","has-post-thumbnail","hentry","category-locales"],"aioseo_notices":[],"gutentor_comment":0,"jetpack_featured_media_url":"https:\/\/eldiariodesanpedro.com.ar\/sitio\/wp-content\/uploads\/2021\/03\/IMG-20210228-WA0001.jpg","jetpack_shortlink":"https:\/\/wp.me\/p6RhLt-mZB","jetpack_sharing_enabled":true,"_links":{"self":[{"href":"https:\/\/eldiariodesanpedro.com.ar\/sitio\/wp-json\/wp\/v2\/posts\/88387","targetHints":{"allow":["GET"]}}],"collection":[{"href":"https:\/\/eldiariodesanpedro.com.ar\/sitio\/wp-json\/wp\/v2\/posts"}],"about":[{"href":"https:\/\/eldiariodesanpedro.com.ar\/sitio\/wp-json\/wp\/v2\/types\/post"}],"author":[{"embeddable":true,"href":"https:\/\/eldiariodesanpedro.com.ar\/sitio\/wp-json\/wp\/v2\/users\/4"}],"replies":[{"embeddable":true,"href":"https:\/\/eldiariodesanpedro.com.ar\/sitio\/wp-json\/wp\/v2\/comments?post=88387"}],"version-history":[{"count":1,"href":"https:\/\/eldiariodesanpedro.com.ar\/sitio\/wp-json\/wp\/v2\/posts\/88387\/revisions"}],"predecessor-version":[{"id":88390,"href":"https:\/\/eldiariodesanpedro.com.ar\/sitio\/wp-json\/wp\/v2\/posts\/88387\/revisions\/88390"}],"wp:featuredmedia":[{"embeddable":true,"href":"https:\/\/eldiariodesanpedro.com.ar\/sitio\/wp-json\/wp\/v2\/media\/88389"}],"wp:attachment":[{"href":"https:\/\/eldiariodesanpedro.com.ar\/sitio\/wp-json\/wp\/v2\/media?parent=88387"}],"wp:term":[{"taxonomy":"category","embeddable":true,"href":"https:\/\/eldiariodesanpedro.com.ar\/sitio\/wp-json\/wp\/v2\/categories?post=88387"},{"taxonomy":"post_tag","embeddable":true,"href":"https:\/\/eldiariodesanpedro.com.ar\/sitio\/wp-json\/wp\/v2\/tags?post=88387"}],"curies":[{"name":"wp","href":"https:\/\/api.w.org\/{rel}","templated":true}]}}