{"id":88381,"date":"2021-03-01T12:30:15","date_gmt":"2021-03-01T15:30:15","guid":{"rendered":"https:\/\/eldiariodesanpedro.com.ar\/sitio\/?p=88381"},"modified":"2021-03-01T12:32:08","modified_gmt":"2021-03-01T15:32:08","slug":"el-intendente-realizo-la-apertura-de-sesiones-del-hcd-2","status":"publish","type":"post","link":"https:\/\/eldiariodesanpedro.com.ar\/sitio\/el-intendente-realizo-la-apertura-de-sesiones-del-hcd-2\/","title":{"rendered":"El Intendente realiz\u00f3 la apertura de sesiones del HCD"},"content":{"rendered":"<!-- VideographyWP Plugin Message: Automatic video embedding prevented by plugin options. -->\n\n<p>El Intendente Cecilio Salazar encabez\u00f3 este lunes 1\u00b0 de marzo la apertura de sesiones ordinarias del Honorable Concejo Deliberante con su mensaje anual.<\/p>\n\n\n\n<p>Acompa\u00f1ado por la presidente del HCD M\u00f3nica Otero, el jefe comunal efectu\u00f3 un repaso por el \u00faltimo a\u00f1o de gesti\u00f3n atravesado por los m\u00faltiples efectos provocados por la Pandemia de Covid-19.<\/p>\n\n\n\n<p>Efectu\u00f3 un agradecimiento especial a todos los que formaron y forman parte de los espacios en los que se trabaja intensamente para contener esta emergencia y repas\u00f3 las novedades cada una de las \u00e1reas con un reconocimiento especial a los gobiernos de la Provincia de Buenos Aires y de la Naci\u00f3n, por el acompa\u00f1amiento en este per\u00edodo tan especial.<\/p>\n\n\n\n<p>Durante su mensaje (cuyo video completo estar\u00e1 disponible en breve), propuso un minuto de silencio para recordar a los fallecidos por la Pandemia y entre ellos al ex concejal y funcionario Domingo Bronce.<\/p>\n\n\n\n<p>Participaron de la ceremonia, adem\u00e1s de los concejales, integrantes del equipo de gobierno, fuerzas de seguridad y colaboradores.<\/p>\n\n\n\n<p>En el p\u00e1rrafo final del mensaje destac\u00f3:<br>\u00abSe\u00f1oras y se\u00f1ores Concejales, compa\u00f1eros del equipo de gobierno, vecinos y vecinas de San Pedro. Los \u00faltimos meses nos han demostrado que mucho de lo que planificamos puede cambiar de la noche a la ma\u00f1ana y que las prioridades se pueden modificar, sin que podamos hacer nada para evitarlo. Creemos que, de la Pandemia, y de todas las dudas y temores que nos atravesaron, debemos sacar lo mejor.<\/p>\n\n\n\n<p>Deseamos que la vacunaci\u00f3n masiva nos devuelva la plena libertad que todos nos merecemos, y nosotros como gobierno municipal, estamos convencidos de que hemos entablado el v\u00ednculo m\u00e1s apropiado para enfrentar el futuro con esperanza y con buenas perspectivas. Sabemos que tenemos por delante un a\u00f1o pol\u00edtico, y celebramos las diferencias que pueden surgir y debatirse, sin perder de vista la raz\u00f3n por la que estamos aqu\u00ed: tenemos una obligaci\u00f3n ante todos nuestros vecinos y vecinas y debemos honrarla, no permitiendo que ninguna cuesti\u00f3n secundaria nos impida recibir en San Pedro, el progreso que nuestras familias merecen.<\/p>\n\n\n\n<p>Volvemos a hacer un reconocimiento especial a quienes dan la batalla en la primera l\u00ednea de lucha contra el COVID. Volvemos a apelar a la responsabilidad social como principal herramienta hasta que esta Pandemia quede atr\u00e1s, y esperamos que todos juntos podamos reencontrarnos dentro de un a\u00f1o habiendo dejado atr\u00e1s este cap\u00edtulo de la historia, trabajando mancomunadamente con el gobierno nacional y provincial por una ciudad, una provincia y un pa\u00eds como el que deseamos y NOS MERECEMOS\u00bb.<\/p>\n\n\n\n<figure class=\"wp-block-image size-large\"><img decoding=\"async\" width=\"1024\" height=\"682\" data-attachment-id=\"88375\" data-permalink=\"https:\/\/eldiariodesanpedro.com.ar\/sitio\/whatsapp-image-2021-03-01-at-12-14-11\/\" data-orig-file=\"https:\/\/eldiariodesanpedro.com.ar\/sitio\/wp-content\/uploads\/2021\/03\/WhatsApp-Image-2021-03-01-at-12.14.11.jpeg\" data-orig-size=\"1280,853\" data-comments-opened=\"1\" data-image-meta=\"{&quot;aperture&quot;:&quot;0&quot;,&quot;credit&quot;:&quot;&quot;,&quot;camera&quot;:&quot;&quot;,&quot;caption&quot;:&quot;&quot;,&quot;created_timestamp&quot;:&quot;0&quot;,&quot;copyright&quot;:&quot;&quot;,&quot;focal_length&quot;:&quot;0&quot;,&quot;iso&quot;:&quot;0&quot;,&quot;shutter_speed&quot;:&quot;0&quot;,&quot;title&quot;:&quot;&quot;,&quot;orientation&quot;:&quot;0&quot;}\" data-image-title=\"WhatsApp Image 2021-03-01 at 12.14.11\" data-image-description=\"\" data-image-caption=\"\" data-large-file=\"https:\/\/eldiariodesanpedro.com.ar\/sitio\/wp-content\/uploads\/2021\/03\/WhatsApp-Image-2021-03-01-at-12.14.11-1024x682.jpeg\" data-src=\"https:\/\/eldiariodesanpedro.com.ar\/sitio\/wp-content\/uploads\/2021\/03\/WhatsApp-Image-2021-03-01-at-12.14.11-1024x682.jpeg\" alt=\"\" class=\"wp-image-88375 lazyload\" data-srcset=\"https:\/\/eldiariodesanpedro.com.ar\/sitio\/wp-content\/uploads\/2021\/03\/WhatsApp-Image-2021-03-01-at-12.14.11-1024x682.jpeg 1024w, https:\/\/eldiariodesanpedro.com.ar\/sitio\/wp-content\/uploads\/2021\/03\/WhatsApp-Image-2021-03-01-at-12.14.11-300x200.jpeg 300w, https:\/\/eldiariodesanpedro.com.ar\/sitio\/wp-content\/uploads\/2021\/03\/WhatsApp-Image-2021-03-01-at-12.14.11-768x512.jpeg 768w, https:\/\/eldiariodesanpedro.com.ar\/sitio\/wp-content\/uploads\/2021\/03\/WhatsApp-Image-2021-03-01-at-12.14.11.jpeg 1280w\" data-sizes=\"(max-width: 1024px) 100vw, 1024px\" src=\"data:image\/svg+xml;base64,PHN2ZyB3aWR0aD0iMSIgaGVpZ2h0PSIxIiB4bWxucz0iaHR0cDovL3d3dy53My5vcmcvMjAwMC9zdmciPjwvc3ZnPg==\" style=\"--smush-placeholder-width: 1024px; --smush-placeholder-aspect-ratio: 1024\/682;\" \/><\/figure>\n\n\n\n<figure class=\"wp-block-image size-large\"><img decoding=\"async\" width=\"1024\" height=\"682\" data-attachment-id=\"88377\" data-permalink=\"https:\/\/eldiariodesanpedro.com.ar\/sitio\/whatsapp-image-2021-03-01-at-12-14-13\/\" data-orig-file=\"https:\/\/eldiariodesanpedro.com.ar\/sitio\/wp-content\/uploads\/2021\/03\/WhatsApp-Image-2021-03-01-at-12.14.13.jpeg\" data-orig-size=\"1280,853\" data-comments-opened=\"1\" data-image-meta=\"{&quot;aperture&quot;:&quot;0&quot;,&quot;credit&quot;:&quot;&quot;,&quot;camera&quot;:&quot;&quot;,&quot;caption&quot;:&quot;&quot;,&quot;created_timestamp&quot;:&quot;0&quot;,&quot;copyright&quot;:&quot;&quot;,&quot;focal_length&quot;:&quot;0&quot;,&quot;iso&quot;:&quot;0&quot;,&quot;shutter_speed&quot;:&quot;0&quot;,&quot;title&quot;:&quot;&quot;,&quot;orientation&quot;:&quot;0&quot;}\" data-image-title=\"WhatsApp Image 2021-03-01 at 12.14.13\" data-image-description=\"\" data-image-caption=\"\" data-large-file=\"https:\/\/eldiariodesanpedro.com.ar\/sitio\/wp-content\/uploads\/2021\/03\/WhatsApp-Image-2021-03-01-at-12.14.13-1024x682.jpeg\" data-src=\"https:\/\/eldiariodesanpedro.com.ar\/sitio\/wp-content\/uploads\/2021\/03\/WhatsApp-Image-2021-03-01-at-12.14.13-1024x682.jpeg\" alt=\"\" class=\"wp-image-88377 lazyload\" data-srcset=\"https:\/\/eldiariodesanpedro.com.ar\/sitio\/wp-content\/uploads\/2021\/03\/WhatsApp-Image-2021-03-01-at-12.14.13-1024x682.jpeg 1024w, https:\/\/eldiariodesanpedro.com.ar\/sitio\/wp-content\/uploads\/2021\/03\/WhatsApp-Image-2021-03-01-at-12.14.13-300x200.jpeg 300w, https:\/\/eldiariodesanpedro.com.ar\/sitio\/wp-content\/uploads\/2021\/03\/WhatsApp-Image-2021-03-01-at-12.14.13-768x512.jpeg 768w, https:\/\/eldiariodesanpedro.com.ar\/sitio\/wp-content\/uploads\/2021\/03\/WhatsApp-Image-2021-03-01-at-12.14.13.jpeg 1280w\" data-sizes=\"(max-width: 1024px) 100vw, 1024px\" src=\"data:image\/svg+xml;base64,PHN2ZyB3aWR0aD0iMSIgaGVpZ2h0PSIxIiB4bWxucz0iaHR0cDovL3d3dy53My5vcmcvMjAwMC9zdmciPjwvc3ZnPg==\" style=\"--smush-placeholder-width: 1024px; --smush-placeholder-aspect-ratio: 1024\/682;\" \/><\/figure>\n\n\n\n<figure class=\"wp-block-image size-large\"><img decoding=\"async\" width=\"1024\" height=\"743\" data-attachment-id=\"88378\" data-permalink=\"https:\/\/eldiariodesanpedro.com.ar\/sitio\/whatsapp-image-2021-03-01-at-12-14-14\/\" data-orig-file=\"https:\/\/eldiariodesanpedro.com.ar\/sitio\/wp-content\/uploads\/2021\/03\/WhatsApp-Image-2021-03-01-at-12.14.14.jpeg\" data-orig-size=\"1280,929\" data-comments-opened=\"1\" data-image-meta=\"{&quot;aperture&quot;:&quot;0&quot;,&quot;credit&quot;:&quot;&quot;,&quot;camera&quot;:&quot;&quot;,&quot;caption&quot;:&quot;&quot;,&quot;created_timestamp&quot;:&quot;0&quot;,&quot;copyright&quot;:&quot;&quot;,&quot;focal_length&quot;:&quot;0&quot;,&quot;iso&quot;:&quot;0&quot;,&quot;shutter_speed&quot;:&quot;0&quot;,&quot;title&quot;:&quot;&quot;,&quot;orientation&quot;:&quot;0&quot;}\" data-image-title=\"WhatsApp Image 2021-03-01 at 12.14.14\" data-image-description=\"\" data-image-caption=\"\" data-large-file=\"https:\/\/eldiariodesanpedro.com.ar\/sitio\/wp-content\/uploads\/2021\/03\/WhatsApp-Image-2021-03-01-at-12.14.14-1024x743.jpeg\" data-src=\"https:\/\/eldiariodesanpedro.com.ar\/sitio\/wp-content\/uploads\/2021\/03\/WhatsApp-Image-2021-03-01-at-12.14.14-1024x743.jpeg\" alt=\"\" class=\"wp-image-88378 lazyload\" data-srcset=\"https:\/\/eldiariodesanpedro.com.ar\/sitio\/wp-content\/uploads\/2021\/03\/WhatsApp-Image-2021-03-01-at-12.14.14-1024x743.jpeg 1024w, https:\/\/eldiariodesanpedro.com.ar\/sitio\/wp-content\/uploads\/2021\/03\/WhatsApp-Image-2021-03-01-at-12.14.14-300x218.jpeg 300w, https:\/\/eldiariodesanpedro.com.ar\/sitio\/wp-content\/uploads\/2021\/03\/WhatsApp-Image-2021-03-01-at-12.14.14-768x557.jpeg 768w, https:\/\/eldiariodesanpedro.com.ar\/sitio\/wp-content\/uploads\/2021\/03\/WhatsApp-Image-2021-03-01-at-12.14.14.jpeg 1280w\" data-sizes=\"(max-width: 1024px) 100vw, 1024px\" src=\"data:image\/svg+xml;base64,PHN2ZyB3aWR0aD0iMSIgaGVpZ2h0PSIxIiB4bWxucz0iaHR0cDovL3d3dy53My5vcmcvMjAwMC9zdmciPjwvc3ZnPg==\" style=\"--smush-placeholder-width: 1024px; --smush-placeholder-aspect-ratio: 1024\/743;\" \/><\/figure>\n","protected":false},"excerpt":{"rendered":"<p>El Intendente Cecilio Salazar encabez\u00f3 este lunes 1\u00b0 de marzo la apertura de sesiones ordinarias del Honorable Concejo Deliberante con su mensaje anual. Acompa\u00f1ado por la presidente del HCD M\u00f3nica Otero, el jefe comunal efectu\u00f3 un repaso por el \u00faltimo a\u00f1o de gesti\u00f3n atravesado por los m\u00faltiples efectos provocados por la Pandemia de Covid-19. Efectu\u00f3 [&hellip;]<\/p>\n","protected":false},"author":4,"featured_media":88376,"comment_status":"open","ping_status":"closed","sticky":false,"template":"","format":"standard","meta":{"om_disable_all_campaigns":false,"_jetpack_memberships_contains_paid_content":false,"footnotes":""},"categories":[50,101,2],"tags":[],"class_list":["post-88381","post","type-post","status-publish","format-standard","has-post-thumbnail","hentry","category-destacadas","category-interes-general-locales","category-locales"],"aioseo_notices":[],"gutentor_comment":0,"jetpack_featured_media_url":"https:\/\/eldiariodesanpedro.com.ar\/sitio\/wp-content\/uploads\/2021\/03\/WhatsApp-Image-2021-03-01-at-12.14.12.jpeg","jetpack_shortlink":"https:\/\/wp.me\/p6RhLt-mZv","jetpack_sharing_enabled":true,"_links":{"self":[{"href":"https:\/\/eldiariodesanpedro.com.ar\/sitio\/wp-json\/wp\/v2\/posts\/88381","targetHints":{"allow":["GET"]}}],"collection":[{"href":"https:\/\/eldiariodesanpedro.com.ar\/sitio\/wp-json\/wp\/v2\/posts"}],"about":[{"href":"https:\/\/eldiariodesanpedro.com.ar\/sitio\/wp-json\/wp\/v2\/types\/post"}],"author":[{"embeddable":true,"href":"https:\/\/eldiariodesanpedro.com.ar\/sitio\/wp-json\/wp\/v2\/users\/4"}],"replies":[{"embeddable":true,"href":"https:\/\/eldiariodesanpedro.com.ar\/sitio\/wp-json\/wp\/v2\/comments?post=88381"}],"version-history":[{"count":2,"href":"https:\/\/eldiariodesanpedro.com.ar\/sitio\/wp-json\/wp\/v2\/posts\/88381\/revisions"}],"predecessor-version":[{"id":88383,"href":"https:\/\/eldiariodesanpedro.com.ar\/sitio\/wp-json\/wp\/v2\/posts\/88381\/revisions\/88383"}],"wp:featuredmedia":[{"embeddable":true,"href":"https:\/\/eldiariodesanpedro.com.ar\/sitio\/wp-json\/wp\/v2\/media\/88376"}],"wp:attachment":[{"href":"https:\/\/eldiariodesanpedro.com.ar\/sitio\/wp-json\/wp\/v2\/media?parent=88381"}],"wp:term":[{"taxonomy":"category","embeddable":true,"href":"https:\/\/eldiariodesanpedro.com.ar\/sitio\/wp-json\/wp\/v2\/categories?post=88381"},{"taxonomy":"post_tag","embeddable":true,"href":"https:\/\/eldiariodesanpedro.com.ar\/sitio\/wp-json\/wp\/v2\/tags?post=88381"}],"curies":[{"name":"wp","href":"https:\/\/api.w.org\/{rel}","templated":true}]}}