{"id":8837,"date":"2016-10-14T20:17:34","date_gmt":"2016-10-14T23:17:34","guid":{"rendered":"https:\/\/eldiariodesanpedro.com.ar\/sitio\/?p=8837"},"modified":"2016-10-14T20:17:34","modified_gmt":"2016-10-14T23:17:34","slug":"segunda-reunion-de-la-mesa-distrital-de-educacion-y-trabajo","status":"publish","type":"post","link":"https:\/\/eldiariodesanpedro.com.ar\/sitio\/segunda-reunion-de-la-mesa-distrital-de-educacion-y-trabajo\/","title":{"rendered":"Segunda reuni\u00f3n de la Mesa Distrital de Educaci\u00f3n y Trabajo"},"content":{"rendered":"<p><!-- VideographyWP Plugin Message: Automatic video embedding prevented by plugin options. --><br \/>\nLa Escuela T\u00e9cnica N\u00b01 fue sede de la segunda reuni\u00f3n de la Mesa Distrital de Educaci\u00f3n y Trabajo, donde se analiz\u00f3 la oferta educativa distrital y la cantidad de egresados. Asimismo se profundiz\u00f3 en el tema de la utilizaci\u00f3n del cr\u00e9dito fiscal de las empresas para ser invertido en educaci\u00f3n.<br \/>\nConjuntamente con el Ministerio de Trabajo se acord\u00f3 la posibilidad de hacer convenios locales que regulen las pr\u00e1cticas de los estudiantes.<br \/>\nDel encuentro particip\u00f3 el coordinador de la Universidad de San Antonio de Areco.<\/p>\n","protected":false},"excerpt":{"rendered":"<p>La Escuela T\u00e9cnica N\u00b01 fue sede de la segunda reuni\u00f3n de la Mesa Distrital de Educaci\u00f3n y Trabajo, donde se analiz\u00f3 la oferta educativa distrital y la cantidad de egresados. Asimismo se profundiz\u00f3 en el tema de la utilizaci\u00f3n del cr\u00e9dito fiscal de las empresas para ser invertido en educaci\u00f3n. Conjuntamente con el Ministerio de [&hellip;]<\/p>\n","protected":false},"author":4,"featured_media":8838,"comment_status":"open","ping_status":"closed","sticky":false,"template":"","format":"standard","meta":{"om_disable_all_campaigns":false,"_jetpack_memberships_contains_paid_content":false,"footnotes":""},"categories":[50,101,2],"tags":[],"class_list":["post-8837","post","type-post","status-publish","format-standard","has-post-thumbnail","hentry","category-destacadas","category-interes-general-locales","category-locales"],"aioseo_notices":[],"gutentor_comment":0,"jetpack_featured_media_url":"https:\/\/eldiariodesanpedro.com.ar\/sitio\/wp-content\/uploads\/2016\/10\/PAGINA-5-6.jpg","jetpack_shortlink":"https:\/\/wp.me\/p6RhLt-2ix","jetpack_sharing_enabled":true,"_links":{"self":[{"href":"https:\/\/eldiariodesanpedro.com.ar\/sitio\/wp-json\/wp\/v2\/posts\/8837","targetHints":{"allow":["GET"]}}],"collection":[{"href":"https:\/\/eldiariodesanpedro.com.ar\/sitio\/wp-json\/wp\/v2\/posts"}],"about":[{"href":"https:\/\/eldiariodesanpedro.com.ar\/sitio\/wp-json\/wp\/v2\/types\/post"}],"author":[{"embeddable":true,"href":"https:\/\/eldiariodesanpedro.com.ar\/sitio\/wp-json\/wp\/v2\/users\/4"}],"replies":[{"embeddable":true,"href":"https:\/\/eldiariodesanpedro.com.ar\/sitio\/wp-json\/wp\/v2\/comments?post=8837"}],"version-history":[{"count":1,"href":"https:\/\/eldiariodesanpedro.com.ar\/sitio\/wp-json\/wp\/v2\/posts\/8837\/revisions"}],"predecessor-version":[{"id":8839,"href":"https:\/\/eldiariodesanpedro.com.ar\/sitio\/wp-json\/wp\/v2\/posts\/8837\/revisions\/8839"}],"wp:featuredmedia":[{"embeddable":true,"href":"https:\/\/eldiariodesanpedro.com.ar\/sitio\/wp-json\/wp\/v2\/media\/8838"}],"wp:attachment":[{"href":"https:\/\/eldiariodesanpedro.com.ar\/sitio\/wp-json\/wp\/v2\/media?parent=8837"}],"wp:term":[{"taxonomy":"category","embeddable":true,"href":"https:\/\/eldiariodesanpedro.com.ar\/sitio\/wp-json\/wp\/v2\/categories?post=8837"},{"taxonomy":"post_tag","embeddable":true,"href":"https:\/\/eldiariodesanpedro.com.ar\/sitio\/wp-json\/wp\/v2\/tags?post=8837"}],"curies":[{"name":"wp","href":"https:\/\/api.w.org\/{rel}","templated":true}]}}