{"id":88364,"date":"2021-03-01T09:55:00","date_gmt":"2021-03-01T12:55:00","guid":{"rendered":"https:\/\/eldiariodesanpedro.com.ar\/sitio\/?p=88364"},"modified":"2021-03-01T09:55:05","modified_gmt":"2021-03-01T12:55:05","slug":"emergencia-por-violencia-de-genero-en-los-primeros-dos-meses-del-ano-se-contabilizaron-47-femicidios","status":"publish","type":"post","link":"https:\/\/eldiariodesanpedro.com.ar\/sitio\/emergencia-por-violencia-de-genero-en-los-primeros-dos-meses-del-ano-se-contabilizaron-47-femicidios\/","title":{"rendered":"Emergencia por violencia de g\u00e9nero: en los primeros dos meses del a\u00f1o se contabilizaron 47 femicidios"},"content":{"rendered":"<!-- VideographyWP Plugin Message: Automatic video embedding prevented by plugin options. -->\n\n<p>La organizaci\u00f3n feminista MuMal\u00e1-Mujeres de la Matria Latinoamericana, publicaron hoy su estad\u00edstica sobre femicidios, que arroja un n\u00famero alarmante: 47 mujeres fueron asesinadas por motivos de g\u00e9nero en los dos primeros meses del a\u00f1o, es decir, una cada 30 horas.<\/p>\n\n\n\n<p>De acuerdo a los datos dados a conocer hoy, en los primeros 59 d\u00edas del a\u00f1o se cometieron 47 femicidios, femicidios vinculados y trans-travesticidios.<\/p>\n\n\n\n<p>Del total de los casos, 39 fueron femicidios directos, es decir, perpetrados por varones por razones asociadas al g\u00e9nero; seis vinculados a ni\u00f1os, dos por interposici\u00f3n en el hecho, y dos vinculado a ni\u00f1as.<\/p>\n\n\n\n<p>Por su parte, se registraron 64 intentos de femicidios y tres femicidas se suicidaron luego cometer el asesinato.<br><\/p>\n\n\n\n<p>En total se produjeron 69 muertes violentas de mujeres, travestis y trans. Seg\u00fan el informe, nueve de estas muertes est\u00e1n vinculadas a delitos como narcotr\u00e1fico, venganzas o deudas, entre otras, y 10 est\u00e1n en pleno proceso de investigaci\u00f3n.<\/p>\n\n\n\n<p>De acuerdo a los datos, el 17 % de los femicidios fue perpetrado por integrantes de las fuerzas de seguridad, es decir, que aument\u00f3 un 5% respecto a lo registrado en el mes de enero.<\/p>\n\n\n\n<p>Por otra parte, el 29% de las v\u00edctimas hab\u00eda denunciado a su agresor y el 19% ten\u00eda orden de restricci\u00f3n de contacto o perimetral y s\u00f3lo el 4% dispon\u00eda bot\u00f3n antip\u00e1nico.<\/p>\n\n\n\n<p>Los datos aportados por la organizaci\u00f3n MuMaL\u00e1, el 94 % de los femicidas eran conocidos por las v\u00edctimas (64 % parejas y ex parejas) y el 70% de los femicidios se realizaron en la vivienda de la v\u00edctima o vivienda compartida. (DIB) ACR<\/p>\n","protected":false},"excerpt":{"rendered":"<p>La organizaci\u00f3n feminista MuMal\u00e1-Mujeres de la Matria Latinoamericana, publicaron hoy su estad\u00edstica sobre femicidios, que arroja un n\u00famero alarmante: 47 mujeres fueron asesinadas por motivos de g\u00e9nero en los dos primeros meses del a\u00f1o, es decir, una cada 30 horas. De acuerdo a los datos dados a conocer hoy, en los primeros 59 d\u00edas del [&hellip;]<\/p>\n","protected":false},"author":4,"featured_media":88365,"comment_status":"open","ping_status":"closed","sticky":false,"template":"","format":"standard","meta":{"om_disable_all_campaigns":false,"_jetpack_memberships_contains_paid_content":false,"footnotes":""},"categories":[621],"tags":[],"class_list":["post-88364","post","type-post","status-publish","format-standard","has-post-thumbnail","hentry","category-regionales"],"aioseo_notices":[],"gutentor_comment":0,"jetpack_featured_media_url":"https:\/\/eldiariodesanpedro.com.ar\/sitio\/wp-content\/uploads\/2021\/03\/VIVAS-NOS-QUEREMOS-696x438-1.jpg","jetpack_shortlink":"https:\/\/wp.me\/p6RhLt-mZe","jetpack_sharing_enabled":true,"_links":{"self":[{"href":"https:\/\/eldiariodesanpedro.com.ar\/sitio\/wp-json\/wp\/v2\/posts\/88364","targetHints":{"allow":["GET"]}}],"collection":[{"href":"https:\/\/eldiariodesanpedro.com.ar\/sitio\/wp-json\/wp\/v2\/posts"}],"about":[{"href":"https:\/\/eldiariodesanpedro.com.ar\/sitio\/wp-json\/wp\/v2\/types\/post"}],"author":[{"embeddable":true,"href":"https:\/\/eldiariodesanpedro.com.ar\/sitio\/wp-json\/wp\/v2\/users\/4"}],"replies":[{"embeddable":true,"href":"https:\/\/eldiariodesanpedro.com.ar\/sitio\/wp-json\/wp\/v2\/comments?post=88364"}],"version-history":[{"count":1,"href":"https:\/\/eldiariodesanpedro.com.ar\/sitio\/wp-json\/wp\/v2\/posts\/88364\/revisions"}],"predecessor-version":[{"id":88366,"href":"https:\/\/eldiariodesanpedro.com.ar\/sitio\/wp-json\/wp\/v2\/posts\/88364\/revisions\/88366"}],"wp:featuredmedia":[{"embeddable":true,"href":"https:\/\/eldiariodesanpedro.com.ar\/sitio\/wp-json\/wp\/v2\/media\/88365"}],"wp:attachment":[{"href":"https:\/\/eldiariodesanpedro.com.ar\/sitio\/wp-json\/wp\/v2\/media?parent=88364"}],"wp:term":[{"taxonomy":"category","embeddable":true,"href":"https:\/\/eldiariodesanpedro.com.ar\/sitio\/wp-json\/wp\/v2\/categories?post=88364"},{"taxonomy":"post_tag","embeddable":true,"href":"https:\/\/eldiariodesanpedro.com.ar\/sitio\/wp-json\/wp\/v2\/tags?post=88364"}],"curies":[{"name":"wp","href":"https:\/\/api.w.org\/{rel}","templated":true}]}}