{"id":88361,"date":"2021-03-01T09:53:00","date_gmt":"2021-03-01T12:53:00","guid":{"rendered":"https:\/\/eldiariodesanpedro.com.ar\/sitio\/?p=88361"},"modified":"2021-03-01T09:53:09","modified_gmt":"2021-03-01T12:53:09","slug":"despues-de-casi-un-ano-las-escuelas-de-la-provincia-de-buenos-aires-vuelven-a-las-clases-presenciales","status":"publish","type":"post","link":"https:\/\/eldiariodesanpedro.com.ar\/sitio\/despues-de-casi-un-ano-las-escuelas-de-la-provincia-de-buenos-aires-vuelven-a-las-clases-presenciales\/","title":{"rendered":"Despu\u00e9s de casi un a\u00f1o, las escuelas de la provincia de Buenos Aires vuelven a las clases presenciales"},"content":{"rendered":"<!-- VideographyWP Plugin Message: Automatic video embedding prevented by plugin options. -->\n\n<p>Se termin\u00f3 la espera. Despu\u00e9s de casi un a\u00f1o, y con una pandemia de coronavirus en el medio, <strong>la provincia de Buenos Aires llevar\u00e1 a cabo ma\u00f1ana el regreso a las clases presenciales dentro de sus instalaciones educativas.<\/strong><\/p>\n\n\n\n<p>As\u00ed como se anunci\u00f3 semanas atr\u00e1s, el 1\u00ba de marzo arrancar\u00e1 la actividad dentro de las instituciones de <strong>nivel inicial y las escuelas primarias<\/strong>. Los estudiantes de las <strong>escuelas secundarias retomar\u00e1n la presencialidad el pr\u00f3ximo 8 de marzo.<\/strong><\/p>\n\n\n\n<p>Con rotaciones de alumnos semanales y diversos protocolos de precauci\u00f3n de contagio de Covid-19, la provincia m\u00e1s poblada de la Argentina intentar\u00e1 retomar de a poco la rutina escolar de sus alumnos todav\u00eda en medio de un clima de desconcierto, ansiedad y temor, tanto de parte de los docentes como de los alumnos.<\/p>\n\n\n\n<p>En total, <strong>ser\u00e1n unos 4.150.000 alumnos los que tendr\u00e1n la posibilidad de volver a las aulas a partir de ma\u00f1ana.<\/strong> Se tratar\u00e1n de jornadas educativas de cuatro horas diarias, mientras que el sistema de asistencia ser\u00e1 mixto: en un principio, los estudiantes deber\u00e1n acudir a las escuelas algunos d\u00edas y otros mantendr\u00e1n el formato de aprendizaje virtual.<\/p>\n\n\n\n<p>Hasta el momento, <strong>m\u00e1s de un mill\u00f3n de estudiantes que tuvieron trayectorias discontinuas o deb\u00edan recuperar contenidos comenzaron ya el sistema presencial el pasado 17 de febrero<\/strong>. Ma\u00f1ana se concretar\u00e1 el retorno de la enorme mayor\u00eda de escuelas primarias en lo que ser\u00e1 un b\u00e1lsamo para una de las franjas etarias m\u00e1s castigadas durante la pandemia.<\/p>\n\n\n\n<p>Las escuelas de la provincia estuvieron cerradas casi un a\u00f1o (Colprensa \u2013 Camila D\u00edaz)<\/p>\n\n\n\n<p>El gobierno de Axel Kicillof indic\u00f3 a trav\u00e9s de sus representantes la importancia de que el regreso a la presencialidad se d\u00e9 de la manera m\u00e1s segura y cuidada posible. Por eso, hasta los \u00faltimos d\u00edas de la semana anterior, se establecieron modificaciones en los protocolos sanitarios que se llevar\u00e1n a cabo en las escuelas.<\/p>\n\n\n\n<p><strong>En las aulas se debe mantener una distancia de 1,5 metros entre estudiantes y de 2 metros con la o el docente. Adem\u00e1s, en los espacios comunes, la distancia social debe ser de 2 metros<\/strong>.<\/p>\n\n\n\n<p>La rotaci\u00f3n de los alumnos se har\u00e1 de manera semanal, <strong>el tapabocas ser\u00e1 obligatorio en las escuelas primarias<\/strong> y se recomendar\u00e1 su uso para la sala de 3 en adelante en los jardines de infantes.<\/p>\n\n\n\n<p><strong>Las clases presenciales se organizan en bloques de una duraci\u00f3n m\u00e1xima de 90 minutos, separados entre s\u00ed por un tiempo de descanso de al menos 5 minutos.<\/strong> Adem\u00e1s, durante la permanencia en la escuela, no se realizar\u00e1n juegos de contacto ni se compartir\u00e1n juguetes o elementos personales.<\/p>\n\n\n\n<p>Con respecto a la ventilaci\u00f3n natural de los ambientes, especialmente de las aulas, el protocolo sostiene que \u201cdebe realizarse en forma permanente\u201d y que<strong> \u201csi por razones clim\u00e1ticas o de otra \u00edndole, las puertas y ventanas no pueden permanecer constantemente abiertas, deben abrirse cada 20 minutos durante un lapso de 5 minutos\u201d.<\/strong><\/p>\n\n\n\n<p>Se aplicar\u00e1n diversos protocolos para intentar evitar el contagio de Covid-19 en las escuelas (EFE\/Juan Ignacio Roncoroni)<\/p>\n\n\n\n<p>Respecto a las pautas de ingreso y egreso de la escuela, se coordinar\u00e1n horarios escalonados para evitar concentraciones. Tambi\u00e9n se controla la temperatura corporal a todas las personas que ingresen en el establecimiento educativo. <strong>El m\u00e1xima admitida ser\u00e1 37.4 \u00baC.<\/strong><\/p>\n\n\n\n<p>Cada estudiante deber\u00e1n llevar tapaboca y los \u00fatiles indispensables que indique su docente. Tambi\u00e9n puede llevar una botella con agua y alguna colaci\u00f3n ya que en esta etapa, los comedores y los kioscos escolares permanecen cerrados.<\/p>\n\n\n\n<p><strong>Los estudiantes tienen que presentar una declaraci\u00f3n jurada firmada por la persona adulta responsable<\/strong> (o el mecanismo que la reemplace en el futuro), dejando constancia de que se encuentran en condiciones de salud para asistir al establecimiento educativo y que frente a la aparici\u00f3n de s\u00edntomas compatibles con COVID -19 no asistir\u00e1n a la escuela y notificar\u00e1n inmediatamente la situaci\u00f3n al establecimiento. La declaraci\u00f3n jurada es un requisito indispensable para ingresar a la escuela.<\/p>\n\n\n\n<p>Desde el poder ejecutivo provincial,<strong> se estima que unas 4.000 escuelas ya se encuentran en condiciones de garantizar la presencialidad durante todos los d\u00edas de la semana. Esto contempla a un 30 por ciento de la matr\u00edcula, unos 1.200.000 estudiantes.<\/strong><\/p>\n\n\n\n<p>Por su parte, <strong>otras 12 pronvicias del pa\u00eds tambi\u00e9n retomar\u00e1n la presencialidad ma\u00f1ana,<\/strong> mientras que el resto comenzar\u00e1n entre el 2 y el 3 de marzo.<\/p>\n\n\n\n<p>Las regiones que tambi\u00e9n comenzar\u00e1n sus clases ma\u00f1ana ser\u00e1n <strong>Salta, Tucum\u00e1n, Corrientes, Entre R\u00edos, San Juan, Chaco, Misiones, Mendoza, San Luis, Chubut, Santa Cruz y Tierra del Fuego.<\/strong><\/p>\n\n\n\n<p>En tanto, el 2 de marzo volver\u00e1n a las aulas los estudiantes de Formosa y el 3 de marzo los de<strong> Neuqu\u00e9n y R\u00edo Negro.<\/strong><\/p>\n\n\n\n<p><strong><em>Fuente: T\u00e9lam<\/em><\/strong><\/p>\n","protected":false},"excerpt":{"rendered":"<p>Se termin\u00f3 la espera. Despu\u00e9s de casi un a\u00f1o, y con una pandemia de coronavirus en el medio, la provincia de Buenos Aires llevar\u00e1 a cabo ma\u00f1ana el regreso a las clases presenciales dentro de sus instalaciones educativas. As\u00ed como se anunci\u00f3 semanas atr\u00e1s, el 1\u00ba de marzo arrancar\u00e1 la actividad dentro de las instituciones [&hellip;]<\/p>\n","protected":false},"author":4,"featured_media":88362,"comment_status":"open","ping_status":"closed","sticky":false,"template":"","format":"standard","meta":{"om_disable_all_campaigns":false,"_jetpack_memberships_contains_paid_content":false,"footnotes":""},"categories":[50,101,2],"tags":[],"class_list":["post-88361","post","type-post","status-publish","format-standard","has-post-thumbnail","hentry","category-destacadas","category-interes-general-locales","category-locales"],"aioseo_notices":[],"gutentor_comment":0,"jetpack_featured_media_url":"https:\/\/eldiariodesanpedro.com.ar\/sitio\/wp-content\/uploads\/2021\/03\/6LDYFXKOP5C6PLKPQQBGM3355E.jpg","jetpack_shortlink":"https:\/\/wp.me\/p6RhLt-mZb","jetpack_sharing_enabled":true,"_links":{"self":[{"href":"https:\/\/eldiariodesanpedro.com.ar\/sitio\/wp-json\/wp\/v2\/posts\/88361","targetHints":{"allow":["GET"]}}],"collection":[{"href":"https:\/\/eldiariodesanpedro.com.ar\/sitio\/wp-json\/wp\/v2\/posts"}],"about":[{"href":"https:\/\/eldiariodesanpedro.com.ar\/sitio\/wp-json\/wp\/v2\/types\/post"}],"author":[{"embeddable":true,"href":"https:\/\/eldiariodesanpedro.com.ar\/sitio\/wp-json\/wp\/v2\/users\/4"}],"replies":[{"embeddable":true,"href":"https:\/\/eldiariodesanpedro.com.ar\/sitio\/wp-json\/wp\/v2\/comments?post=88361"}],"version-history":[{"count":1,"href":"https:\/\/eldiariodesanpedro.com.ar\/sitio\/wp-json\/wp\/v2\/posts\/88361\/revisions"}],"predecessor-version":[{"id":88363,"href":"https:\/\/eldiariodesanpedro.com.ar\/sitio\/wp-json\/wp\/v2\/posts\/88361\/revisions\/88363"}],"wp:featuredmedia":[{"embeddable":true,"href":"https:\/\/eldiariodesanpedro.com.ar\/sitio\/wp-json\/wp\/v2\/media\/88362"}],"wp:attachment":[{"href":"https:\/\/eldiariodesanpedro.com.ar\/sitio\/wp-json\/wp\/v2\/media?parent=88361"}],"wp:term":[{"taxonomy":"category","embeddable":true,"href":"https:\/\/eldiariodesanpedro.com.ar\/sitio\/wp-json\/wp\/v2\/categories?post=88361"},{"taxonomy":"post_tag","embeddable":true,"href":"https:\/\/eldiariodesanpedro.com.ar\/sitio\/wp-json\/wp\/v2\/tags?post=88361"}],"curies":[{"name":"wp","href":"https:\/\/api.w.org\/{rel}","templated":true}]}}