{"id":88358,"date":"2021-03-01T09:45:44","date_gmt":"2021-03-01T12:45:44","guid":{"rendered":"https:\/\/eldiariodesanpedro.com.ar\/sitio\/?p=88358"},"modified":"2021-03-01T09:45:50","modified_gmt":"2021-03-01T12:45:50","slug":"siguen-buscando-al-sampedrino-que-se-habria-suicidado-en-el-puente-zarate-brazo-largo","status":"publish","type":"post","link":"https:\/\/eldiariodesanpedro.com.ar\/sitio\/siguen-buscando-al-sampedrino-que-se-habria-suicidado-en-el-puente-zarate-brazo-largo\/","title":{"rendered":"Siguen buscando al sampedrino que se habr\u00eda suicidado en el puente Z\u00e1rate Brazo Largo"},"content":{"rendered":"<!-- VideographyWP Plugin Message: Automatic video embedding prevented by plugin options. -->\n\n<p>Participan del operativo brigadistas de Defensa Civil y K9, quienes montaron un operativo especial para dar con el paradero de Paulino \u00c1vila de 43 a\u00f1os. Es oriundo de San Pedro y su auto fue hallado abandonado en la zona del mencionado puente.<\/p>\n\n\n\n<p>Fuerzas de seguridad y de rescate de nuestra ciudad siguen con la b\u00fasqueda de un hombre de 43 a\u00f1os cuyo auto se encontr\u00f3 abandonado en la zona del puente Z\u00e1rate Brazo Largo y se presume que se habr\u00eda suicidado.<\/p>\n\n\n\n<p>El operativo de rastrillaje cuenta con la participaci\u00f3n de brigadistas de Defensa Civil, K9 y Polic\u00eda. Adem\u00e1s, en las \u00faltimas horas se realiz\u00f3 una b\u00fasqueda por&nbsp; aire con un dron de la Secretar\u00eda de Seguridad con resultado negativo.<\/p>\n\n\n\n<p>El hombre buscado es Paulino \u00c1vila de 43 a\u00f1os, oriundo de San Pedro, quien se habr\u00eda arrojado al R\u00edo el pasado 18 de este mes, anticipando sus intenciones.<\/p>\n\n\n\n<p>Seg\u00fan su mujer, por mensaje de texto \u00c1vila de indic\u00f3 que iba a dejar su auto en la ruta 12, a la altura del km 89 y sobre el puente Bme. Mitre de esa ciudad, con las llaves del mismo escondidas en el amortiguador, para luego arrojarse al agua.<\/p>\n\n\n\n<p>Como no era la primera vez que se daba esta situaci\u00f3n, la mujer no le dio importancia y continu\u00f3 manteniendo contacto con su pareja hasta el mi\u00e9rcoles 24, cuando cerca de las 3 de la madrugada el tel\u00e9fono de \u00c1vila se qued\u00f3 sin bater\u00eda.<\/p>\n\n\n\n<p>La preocupaci\u00f3n se increment\u00f3 cuando personal policial hall\u00f3 el Peugeot 207 sobre el puente y en las condiciones mencionadas por el sujeto. Entonces, comenz\u00f3 su b\u00fasqueda con intensidad: se trata de un hombre de contextura delgada, de 1.60 metros de altura, cabello color casta\u00f1o, de ojos marrones, de tes blanca, que la \u00faltima vez que lo vio vest\u00eda una remera color clara y una bermuda con vivos celeste.<\/p>\n\n\n\n<p>Fuente: Campana Noticias<\/p>\n","protected":false},"excerpt":{"rendered":"<p>Participan del operativo brigadistas de Defensa Civil y K9, quienes montaron un operativo especial para dar con el paradero de Paulino \u00c1vila de 43 a\u00f1os. Es oriundo de San Pedro y su auto fue hallado abandonado en la zona del mencionado puente. Fuerzas de seguridad y de rescate de nuestra ciudad siguen con la b\u00fasqueda [&hellip;]<\/p>\n","protected":false},"author":4,"featured_media":88359,"comment_status":"open","ping_status":"closed","sticky":false,"template":"","format":"standard","meta":{"om_disable_all_campaigns":false,"_jetpack_memberships_contains_paid_content":false,"footnotes":""},"categories":[50,101,2],"tags":[],"class_list":["post-88358","post","type-post","status-publish","format-standard","has-post-thumbnail","hentry","category-destacadas","category-interes-general-locales","category-locales"],"aioseo_notices":[],"gutentor_comment":0,"jetpack_featured_media_url":"https:\/\/eldiariodesanpedro.com.ar\/sitio\/wp-content\/uploads\/2021\/03\/20210228105416.jpeg","jetpack_shortlink":"https:\/\/wp.me\/p6RhLt-mZ8","jetpack_sharing_enabled":true,"_links":{"self":[{"href":"https:\/\/eldiariodesanpedro.com.ar\/sitio\/wp-json\/wp\/v2\/posts\/88358","targetHints":{"allow":["GET"]}}],"collection":[{"href":"https:\/\/eldiariodesanpedro.com.ar\/sitio\/wp-json\/wp\/v2\/posts"}],"about":[{"href":"https:\/\/eldiariodesanpedro.com.ar\/sitio\/wp-json\/wp\/v2\/types\/post"}],"author":[{"embeddable":true,"href":"https:\/\/eldiariodesanpedro.com.ar\/sitio\/wp-json\/wp\/v2\/users\/4"}],"replies":[{"embeddable":true,"href":"https:\/\/eldiariodesanpedro.com.ar\/sitio\/wp-json\/wp\/v2\/comments?post=88358"}],"version-history":[{"count":1,"href":"https:\/\/eldiariodesanpedro.com.ar\/sitio\/wp-json\/wp\/v2\/posts\/88358\/revisions"}],"predecessor-version":[{"id":88360,"href":"https:\/\/eldiariodesanpedro.com.ar\/sitio\/wp-json\/wp\/v2\/posts\/88358\/revisions\/88360"}],"wp:featuredmedia":[{"embeddable":true,"href":"https:\/\/eldiariodesanpedro.com.ar\/sitio\/wp-json\/wp\/v2\/media\/88359"}],"wp:attachment":[{"href":"https:\/\/eldiariodesanpedro.com.ar\/sitio\/wp-json\/wp\/v2\/media?parent=88358"}],"wp:term":[{"taxonomy":"category","embeddable":true,"href":"https:\/\/eldiariodesanpedro.com.ar\/sitio\/wp-json\/wp\/v2\/categories?post=88358"},{"taxonomy":"post_tag","embeddable":true,"href":"https:\/\/eldiariodesanpedro.com.ar\/sitio\/wp-json\/wp\/v2\/tags?post=88358"}],"curies":[{"name":"wp","href":"https:\/\/api.w.org\/{rel}","templated":true}]}}