{"id":88355,"date":"2021-03-01T09:32:44","date_gmt":"2021-03-01T12:32:44","guid":{"rendered":"https:\/\/eldiariodesanpedro.com.ar\/sitio\/?p=88355"},"modified":"2021-03-01T09:32:48","modified_gmt":"2021-03-01T12:32:48","slug":"agredieron-a-los-arbitros-sampedrinos-que-dirigieron-la-final-del-torneo-regional-amateur","status":"publish","type":"post","link":"https:\/\/eldiariodesanpedro.com.ar\/sitio\/agredieron-a-los-arbitros-sampedrinos-que-dirigieron-la-final-del-torneo-regional-amateur\/","title":{"rendered":"Agredieron a los \u00e1rbitros sampedrinos que dirigieron la final del Torneo Regional Amateur"},"content":{"rendered":"<!-- VideographyWP Plugin Message: Automatic video embedding prevented by plugin options. -->\n\n<p>La final entre Racing de C\u00f3rdoba y Ben Hur de Rafaela termin\u00f3 en esc\u00e1ndalo y la terna arbitral la pas\u00f3 muy mal al ser agredida por los jugadores rafaelinos. El asistente Santiago Banegas llev\u00f3 la peor parte.<\/p>\n\n\n\n<p>En San Francisco C\u00f3rdoba se jug\u00f3 la final del Torneo Regional Amateur entre Racing de C\u00f3rdoba y Ben Hur de Rafaela. Los locales ganaron por 2 a 1 y ascendieron al Torneo Argentino A pero el final tuvo dos escenas, por un lado los ganadores festejando y por otro lado los jugadores rafaelinos agrediendo a la terna arbitral sampedrina integrada por Joaqu\u00edn Gil, Santiago Banegas y Milton Ayala.<\/p>\n\n\n\n<p>Disconformes con la actuaci\u00f3n de la terna los jugadores visitantes se fueron encima de los \u00e1rbitros y quien llev\u00f3 la peor parte fue Santiago Banegas, quien alcanz\u00f3 a ser insultado, amenazado y golpeado cobardemente por varios jugadores que lo persiguieron por toda la cancha en un bochornoso final.&nbsp;<\/p>\n\n\n\n<p>El sampedrino, que es un reconocido empleado municipal, no es la primera vez que le toca pasar por situaciones como estas, lo mismo que Gil, quien el a\u00f1o anterior tambi\u00e9n fue agredido en la final entre Independiente de Chivilcoy y El Linque\u00f1o de Lincoln cuando recibi\u00f3 el impacto de un proyectil en su cabeza.&nbsp;<\/p>\n\n\n\n<p>En el caso de Banegas debi\u00f3 ser asistido y trasladado en un centro m\u00e9dico, hay informe y actuaciones judiciales que seguramente\u00a0involucrar\u00e1 a varios jugadores rafaelinos.\u00a0\u00a0\u00a0<\/p>\n\n\n\n<p><\/p>\n","protected":false},"excerpt":{"rendered":"<p>La final entre Racing de C\u00f3rdoba y Ben Hur de Rafaela termin\u00f3 en esc\u00e1ndalo y la terna arbitral la pas\u00f3 muy mal al ser agredida por los jugadores rafaelinos. El asistente Santiago Banegas llev\u00f3 la peor parte. En San Francisco C\u00f3rdoba se jug\u00f3 la final del Torneo Regional Amateur entre Racing de C\u00f3rdoba y Ben [&hellip;]<\/p>\n","protected":false},"author":4,"featured_media":88356,"comment_status":"open","ping_status":"closed","sticky":false,"template":"","format":"standard","meta":{"om_disable_all_campaigns":false,"_jetpack_memberships_contains_paid_content":false,"footnotes":""},"categories":[50,101,2],"tags":[],"class_list":["post-88355","post","type-post","status-publish","format-standard","has-post-thumbnail","hentry","category-destacadas","category-interes-general-locales","category-locales"],"aioseo_notices":[],"gutentor_comment":0,"jetpack_featured_media_url":"https:\/\/eldiariodesanpedro.com.ar\/sitio\/wp-content\/uploads\/2021\/03\/000090231.jpg","jetpack_shortlink":"https:\/\/wp.me\/p6RhLt-mZ5","jetpack_sharing_enabled":true,"_links":{"self":[{"href":"https:\/\/eldiariodesanpedro.com.ar\/sitio\/wp-json\/wp\/v2\/posts\/88355","targetHints":{"allow":["GET"]}}],"collection":[{"href":"https:\/\/eldiariodesanpedro.com.ar\/sitio\/wp-json\/wp\/v2\/posts"}],"about":[{"href":"https:\/\/eldiariodesanpedro.com.ar\/sitio\/wp-json\/wp\/v2\/types\/post"}],"author":[{"embeddable":true,"href":"https:\/\/eldiariodesanpedro.com.ar\/sitio\/wp-json\/wp\/v2\/users\/4"}],"replies":[{"embeddable":true,"href":"https:\/\/eldiariodesanpedro.com.ar\/sitio\/wp-json\/wp\/v2\/comments?post=88355"}],"version-history":[{"count":1,"href":"https:\/\/eldiariodesanpedro.com.ar\/sitio\/wp-json\/wp\/v2\/posts\/88355\/revisions"}],"predecessor-version":[{"id":88357,"href":"https:\/\/eldiariodesanpedro.com.ar\/sitio\/wp-json\/wp\/v2\/posts\/88355\/revisions\/88357"}],"wp:featuredmedia":[{"embeddable":true,"href":"https:\/\/eldiariodesanpedro.com.ar\/sitio\/wp-json\/wp\/v2\/media\/88356"}],"wp:attachment":[{"href":"https:\/\/eldiariodesanpedro.com.ar\/sitio\/wp-json\/wp\/v2\/media?parent=88355"}],"wp:term":[{"taxonomy":"category","embeddable":true,"href":"https:\/\/eldiariodesanpedro.com.ar\/sitio\/wp-json\/wp\/v2\/categories?post=88355"},{"taxonomy":"post_tag","embeddable":true,"href":"https:\/\/eldiariodesanpedro.com.ar\/sitio\/wp-json\/wp\/v2\/tags?post=88355"}],"curies":[{"name":"wp","href":"https:\/\/api.w.org\/{rel}","templated":true}]}}