{"id":88341,"date":"2021-02-28T17:12:00","date_gmt":"2021-02-28T20:12:00","guid":{"rendered":"https:\/\/eldiariodesanpedro.com.ar\/sitio\/?p=88341"},"modified":"2021-02-28T17:12:01","modified_gmt":"2021-02-28T20:12:01","slug":"estaban-tomando-algo-se-pelearon-y-le-pego-un-tiro","status":"publish","type":"post","link":"https:\/\/eldiariodesanpedro.com.ar\/sitio\/estaban-tomando-algo-se-pelearon-y-le-pego-un-tiro\/","title":{"rendered":"Estaban tomando algo se pelearon y le pego un tiro"},"content":{"rendered":"<!-- VideographyWP Plugin Message: Automatic video embedding prevented by plugin options. -->\n\n<p>A ra\u00edz de un llamado al 911 un m\u00f3vil policial se constituy\u00f3 en la Bajada de la Escuela S\/N, Cuartel III La Tosquera, donde hallan masculino de 48 a\u00f1os con herida de sangre en abdomen, tras r\u00e1pido accionar y tareas investigativas se logr\u00f3 identificar y aprehender agresor otro ciudadano de 24 a\u00f1os.&nbsp;<\/p>\n\n\n\n<p>Testimonios refieren que las partes estar\u00edan ingiriendo alcohol, resultan vecinos, origin\u00e1ndose discusi\u00f3n motivos se desconocen.&nbsp;<\/p>\n\n\n\n<p>La v\u00edctima sin riesgo de vida, determinando que presenta herida de arma de fuego.&nbsp;<\/p>\n","protected":false},"excerpt":{"rendered":"<p>A ra\u00edz de un llamado al 911 un m\u00f3vil policial se constituy\u00f3 en la Bajada de la Escuela S\/N, Cuartel III La Tosquera, donde hallan masculino de 48 a\u00f1os con herida de sangre en abdomen, tras r\u00e1pido accionar y tareas investigativas se logr\u00f3 identificar y aprehender agresor otro ciudadano de 24 a\u00f1os.&nbsp; Testimonios refieren que [&hellip;]<\/p>\n","protected":false},"author":4,"featured_media":88342,"comment_status":"open","ping_status":"closed","sticky":false,"template":"","format":"standard","meta":{"om_disable_all_campaigns":false,"_jetpack_memberships_contains_paid_content":false,"footnotes":""},"categories":[50,2,103],"tags":[],"class_list":["post-88341","post","type-post","status-publish","format-standard","has-post-thumbnail","hentry","category-destacadas","category-locales","category-policiales-locales"],"aioseo_notices":[],"gutentor_comment":0,"jetpack_featured_media_url":"https:\/\/eldiariodesanpedro.com.ar\/sitio\/wp-content\/uploads\/2021\/02\/WhatsApp-Image-2021-02-27-at-13.33.51-3.jpeg","jetpack_shortlink":"https:\/\/wp.me\/p6RhLt-mYR","jetpack_sharing_enabled":true,"_links":{"self":[{"href":"https:\/\/eldiariodesanpedro.com.ar\/sitio\/wp-json\/wp\/v2\/posts\/88341","targetHints":{"allow":["GET"]}}],"collection":[{"href":"https:\/\/eldiariodesanpedro.com.ar\/sitio\/wp-json\/wp\/v2\/posts"}],"about":[{"href":"https:\/\/eldiariodesanpedro.com.ar\/sitio\/wp-json\/wp\/v2\/types\/post"}],"author":[{"embeddable":true,"href":"https:\/\/eldiariodesanpedro.com.ar\/sitio\/wp-json\/wp\/v2\/users\/4"}],"replies":[{"embeddable":true,"href":"https:\/\/eldiariodesanpedro.com.ar\/sitio\/wp-json\/wp\/v2\/comments?post=88341"}],"version-history":[{"count":1,"href":"https:\/\/eldiariodesanpedro.com.ar\/sitio\/wp-json\/wp\/v2\/posts\/88341\/revisions"}],"predecessor-version":[{"id":88343,"href":"https:\/\/eldiariodesanpedro.com.ar\/sitio\/wp-json\/wp\/v2\/posts\/88341\/revisions\/88343"}],"wp:featuredmedia":[{"embeddable":true,"href":"https:\/\/eldiariodesanpedro.com.ar\/sitio\/wp-json\/wp\/v2\/media\/88342"}],"wp:attachment":[{"href":"https:\/\/eldiariodesanpedro.com.ar\/sitio\/wp-json\/wp\/v2\/media?parent=88341"}],"wp:term":[{"taxonomy":"category","embeddable":true,"href":"https:\/\/eldiariodesanpedro.com.ar\/sitio\/wp-json\/wp\/v2\/categories?post=88341"},{"taxonomy":"post_tag","embeddable":true,"href":"https:\/\/eldiariodesanpedro.com.ar\/sitio\/wp-json\/wp\/v2\/tags?post=88341"}],"curies":[{"name":"wp","href":"https:\/\/api.w.org\/{rel}","templated":true}]}}