{"id":8834,"date":"2016-10-14T20:16:39","date_gmt":"2016-10-14T23:16:39","guid":{"rendered":"https:\/\/eldiariodesanpedro.com.ar\/sitio\/?p=8834"},"modified":"2016-10-14T20:16:39","modified_gmt":"2016-10-14T23:16:39","slug":"baradero-denuncio-a-la-mafia-penitenciaria-y-teme-por-su-vida","status":"publish","type":"post","link":"https:\/\/eldiariodesanpedro.com.ar\/sitio\/baradero-denuncio-a-la-mafia-penitenciaria-y-teme-por-su-vida\/","title":{"rendered":"Baradero: Denunci\u00f3 a la mafia penitenciaria y teme por su vida"},"content":{"rendered":"<p><!-- VideographyWP Plugin Message: Automatic video embedding prevented by plugin options. --><br \/>\nEl detenido est\u00e1 alojado en la c\u00e1rcel de Baradero y desde all\u00ed film\u00f3 un video que reprodujo el canal de noticias Cr\u00f3nica TV. Denuncia que \u201cvive en una celda sin agua, aislado y sin ninguna seguridad\u201d.<br \/>\nSu traslado se decidi\u00f3 el fin de semana luego de que la Revista Veintitr\u00e9s revelara una trama de corrupci\u00f3n en la unidad de Ituzaing\u00f3. Le pide a la gobernadora bonaerense Mar\u00eda Eugenia Vidal que lo proteja.<br \/>\nLa Revista Veintitr\u00e9s, que ya est\u00e1 en la calle, revel\u00f3 c\u00f3mo los penitenciarios mandan a los reclusos a robar, idearon un sistema de peajes para ingresar drogas a la unidad penal de Ituzaing\u00f3 y adem\u00e1s reducen veh\u00edculos para vender las autopartes.<br \/>\nEl suceso gener\u00f3 un esc\u00e1ndalo en el seno del Servicio Penitenciario Bonaerense y lleg\u00f3 a las m\u00e1s altas autoridades de la provincia.<br \/>\nTras poner al descubierto la trama corrupta, uno de los presos que habl\u00f3 con la revista le pidi\u00f3 en un video a la gobernadora Mar\u00eda Eugenia Vidal que vele por su seguridad: \u201cSe\u00f1ora gobernadora, temo por mi vida porque mand\u00e9 a Veintitr\u00e9s un mont\u00f3n de videos que comprometen al servicio. Me gustar\u00eda que usted me pueda ayudar\u201d.<br \/>\nSu abogada, la Dra. Karina Valenti, pidi\u00f3 que \u201cintervengan las autoridades competentes porque teme que el interno sea asesinado\u201d. (Fuente: Tu L\u00ednea Directa).<\/p>\n","protected":false},"excerpt":{"rendered":"<p>El detenido est\u00e1 alojado en la c\u00e1rcel de Baradero y desde all\u00ed film\u00f3 un video que reprodujo el canal de noticias Cr\u00f3nica TV. Denuncia que \u201cvive en una celda sin agua, aislado y sin ninguna seguridad\u201d. Su traslado se decidi\u00f3 el fin de semana luego de que la Revista Veintitr\u00e9s revelara una trama de corrupci\u00f3n [&hellip;]<\/p>\n","protected":false},"author":4,"featured_media":8835,"comment_status":"open","ping_status":"closed","sticky":false,"template":"","format":"standard","meta":{"om_disable_all_campaigns":false,"_jetpack_memberships_contains_paid_content":false,"footnotes":""},"categories":[101,2],"tags":[],"class_list":["post-8834","post","type-post","status-publish","format-standard","has-post-thumbnail","hentry","category-interes-general-locales","category-locales"],"aioseo_notices":[],"gutentor_comment":0,"jetpack_featured_media_url":"https:\/\/eldiariodesanpedro.com.ar\/sitio\/wp-content\/uploads\/2016\/10\/PAGINA-6-8.jpg","jetpack_shortlink":"https:\/\/wp.me\/p6RhLt-2iu","jetpack_sharing_enabled":true,"_links":{"self":[{"href":"https:\/\/eldiariodesanpedro.com.ar\/sitio\/wp-json\/wp\/v2\/posts\/8834","targetHints":{"allow":["GET"]}}],"collection":[{"href":"https:\/\/eldiariodesanpedro.com.ar\/sitio\/wp-json\/wp\/v2\/posts"}],"about":[{"href":"https:\/\/eldiariodesanpedro.com.ar\/sitio\/wp-json\/wp\/v2\/types\/post"}],"author":[{"embeddable":true,"href":"https:\/\/eldiariodesanpedro.com.ar\/sitio\/wp-json\/wp\/v2\/users\/4"}],"replies":[{"embeddable":true,"href":"https:\/\/eldiariodesanpedro.com.ar\/sitio\/wp-json\/wp\/v2\/comments?post=8834"}],"version-history":[{"count":1,"href":"https:\/\/eldiariodesanpedro.com.ar\/sitio\/wp-json\/wp\/v2\/posts\/8834\/revisions"}],"predecessor-version":[{"id":8836,"href":"https:\/\/eldiariodesanpedro.com.ar\/sitio\/wp-json\/wp\/v2\/posts\/8834\/revisions\/8836"}],"wp:featuredmedia":[{"embeddable":true,"href":"https:\/\/eldiariodesanpedro.com.ar\/sitio\/wp-json\/wp\/v2\/media\/8835"}],"wp:attachment":[{"href":"https:\/\/eldiariodesanpedro.com.ar\/sitio\/wp-json\/wp\/v2\/media?parent=8834"}],"wp:term":[{"taxonomy":"category","embeddable":true,"href":"https:\/\/eldiariodesanpedro.com.ar\/sitio\/wp-json\/wp\/v2\/categories?post=8834"},{"taxonomy":"post_tag","embeddable":true,"href":"https:\/\/eldiariodesanpedro.com.ar\/sitio\/wp-json\/wp\/v2\/tags?post=8834"}],"curies":[{"name":"wp","href":"https:\/\/api.w.org\/{rel}","templated":true}]}}