{"id":88337,"date":"2021-02-28T16:42:42","date_gmt":"2021-02-28T19:42:42","guid":{"rendered":"https:\/\/eldiariodesanpedro.com.ar\/sitio\/?p=88337"},"modified":"2021-02-28T17:22:35","modified_gmt":"2021-02-28T20:22:35","slug":"aprehendido-por-golpear-amenazar-y-abusar-sexualmente-de-su-pareja","status":"publish","type":"post","link":"https:\/\/eldiariodesanpedro.com.ar\/sitio\/aprehendido-por-golpear-amenazar-y-abusar-sexualmente-de-su-pareja\/","title":{"rendered":"Aprehendido por golpear, amenazar y abusar sexualmente de su pareja"},"content":{"rendered":"<!-- VideographyWP Plugin Message: Automatic video embedding prevented by plugin options. -->\n\n<p>Este s\u00e1bado se detuvo a una persona dando cumplimiento orden de allanamiento, acusado de lesiones leves agravadas, amenazas y abuso sexual con acceso carnal.<\/p>\n\n\n\n<p>El hecho hab\u00eda sido denunciado el pasado 25 de febrero por una joven de 23 a\u00f1os de edad en la Comisar\u00eda de la Mujer y Familia, quien denuncio haber sido golpeada, abusada y amenazada por su pareja.<\/p>\n\n\n\n<p>y ocurri\u00f3 en calle Italia S\/N de Gobernador Castro se detiene masculino de 31 a\u00f1os a requerimiento UFI 7 ordenada Juzgado de Garant\u00edas 1 Departamental.<\/p>\n","protected":false},"excerpt":{"rendered":"<p>Este s\u00e1bado se detuvo a una persona dando cumplimiento orden de allanamiento, acusado de lesiones leves agravadas, amenazas y abuso sexual con acceso carnal. El hecho hab\u00eda sido denunciado el pasado 25 de febrero por una joven de 23 a\u00f1os de edad en la Comisar\u00eda de la Mujer y Familia, quien denuncio haber sido golpeada, [&hellip;]<\/p>\n","protected":false},"author":4,"featured_media":88338,"comment_status":"open","ping_status":"closed","sticky":false,"template":"","format":"standard","meta":{"om_disable_all_campaigns":false,"_jetpack_memberships_contains_paid_content":false,"footnotes":""},"categories":[50,2,103],"tags":[],"class_list":["post-88337","post","type-post","status-publish","format-standard","has-post-thumbnail","hentry","category-destacadas","category-locales","category-policiales-locales"],"aioseo_notices":[],"gutentor_comment":0,"jetpack_featured_media_url":"https:\/\/eldiariodesanpedro.com.ar\/sitio\/wp-content\/uploads\/2021\/02\/WhatsApp-Image-2021-02-27-at-15.22.08.jpeg","jetpack_shortlink":"https:\/\/wp.me\/p6RhLt-mYN","jetpack_sharing_enabled":true,"_links":{"self":[{"href":"https:\/\/eldiariodesanpedro.com.ar\/sitio\/wp-json\/wp\/v2\/posts\/88337","targetHints":{"allow":["GET"]}}],"collection":[{"href":"https:\/\/eldiariodesanpedro.com.ar\/sitio\/wp-json\/wp\/v2\/posts"}],"about":[{"href":"https:\/\/eldiariodesanpedro.com.ar\/sitio\/wp-json\/wp\/v2\/types\/post"}],"author":[{"embeddable":true,"href":"https:\/\/eldiariodesanpedro.com.ar\/sitio\/wp-json\/wp\/v2\/users\/4"}],"replies":[{"embeddable":true,"href":"https:\/\/eldiariodesanpedro.com.ar\/sitio\/wp-json\/wp\/v2\/comments?post=88337"}],"version-history":[{"count":2,"href":"https:\/\/eldiariodesanpedro.com.ar\/sitio\/wp-json\/wp\/v2\/posts\/88337\/revisions"}],"predecessor-version":[{"id":88345,"href":"https:\/\/eldiariodesanpedro.com.ar\/sitio\/wp-json\/wp\/v2\/posts\/88337\/revisions\/88345"}],"wp:featuredmedia":[{"embeddable":true,"href":"https:\/\/eldiariodesanpedro.com.ar\/sitio\/wp-json\/wp\/v2\/media\/88338"}],"wp:attachment":[{"href":"https:\/\/eldiariodesanpedro.com.ar\/sitio\/wp-json\/wp\/v2\/media?parent=88337"}],"wp:term":[{"taxonomy":"category","embeddable":true,"href":"https:\/\/eldiariodesanpedro.com.ar\/sitio\/wp-json\/wp\/v2\/categories?post=88337"},{"taxonomy":"post_tag","embeddable":true,"href":"https:\/\/eldiariodesanpedro.com.ar\/sitio\/wp-json\/wp\/v2\/tags?post=88337"}],"curies":[{"name":"wp","href":"https:\/\/api.w.org\/{rel}","templated":true}]}}