{"id":88329,"date":"2021-02-28T16:18:58","date_gmt":"2021-02-28T19:18:58","guid":{"rendered":"https:\/\/eldiariodesanpedro.com.ar\/sitio\/?p=88329"},"modified":"2021-02-28T16:19:00","modified_gmt":"2021-02-28T19:19:00","slug":"se-aprehendio-una-persona-que-estaba-armada-y-se-realizo-un-allanamiento","status":"publish","type":"post","link":"https:\/\/eldiariodesanpedro.com.ar\/sitio\/se-aprehendio-una-persona-que-estaba-armada-y-se-realizo-un-allanamiento\/","title":{"rendered":"Se aprehendi\u00f3 una persona que estaba armada y se realizo un allanamiento"},"content":{"rendered":"<!-- VideographyWP Plugin Message: Automatic video embedding prevented by plugin options. -->\n\n<p>Este viernes la polic\u00eda de nuestra ciudad realiz\u00f3 allanamientos en Balcarce s\/n, momento inicia diligencia se aprehende masculino de 49 a\u00f1os, quien ante la presencia policial se descarta de arma de fuego tipo rev\u00f3lver calibre 32, con tambor completo de seis municiones intactas y otras diecis\u00e9is en el interior de una bolsa.&nbsp;<\/p>\n\n\n\n<p>Asimismo en objetivo a allanar se secuestra arma de fuego fabricaci\u00f3n casera (tumbera) y en el domicilio no se aprehendi\u00f3 a nadie ya que no hab\u00eda moradores.<\/p>\n","protected":false},"excerpt":{"rendered":"<p>Este viernes la polic\u00eda de nuestra ciudad realiz\u00f3 allanamientos en Balcarce s\/n, momento inicia diligencia se aprehende masculino de 49 a\u00f1os, quien ante la presencia policial se descarta de arma de fuego tipo rev\u00f3lver calibre 32, con tambor completo de seis municiones intactas y otras diecis\u00e9is en el interior de una bolsa.&nbsp; Asimismo en objetivo [&hellip;]<\/p>\n","protected":false},"author":4,"featured_media":88330,"comment_status":"open","ping_status":"closed","sticky":false,"template":"","format":"standard","meta":{"om_disable_all_campaigns":false,"_jetpack_memberships_contains_paid_content":false,"footnotes":""},"categories":[2,103],"tags":[],"class_list":["post-88329","post","type-post","status-publish","format-standard","has-post-thumbnail","hentry","category-locales","category-policiales-locales"],"aioseo_notices":[],"gutentor_comment":0,"jetpack_featured_media_url":"https:\/\/eldiariodesanpedro.com.ar\/sitio\/wp-content\/uploads\/2021\/02\/WhatsApp-Image-2021-02-27-at-13.33.48.jpeg","jetpack_shortlink":"https:\/\/wp.me\/p6RhLt-mYF","jetpack_sharing_enabled":true,"_links":{"self":[{"href":"https:\/\/eldiariodesanpedro.com.ar\/sitio\/wp-json\/wp\/v2\/posts\/88329","targetHints":{"allow":["GET"]}}],"collection":[{"href":"https:\/\/eldiariodesanpedro.com.ar\/sitio\/wp-json\/wp\/v2\/posts"}],"about":[{"href":"https:\/\/eldiariodesanpedro.com.ar\/sitio\/wp-json\/wp\/v2\/types\/post"}],"author":[{"embeddable":true,"href":"https:\/\/eldiariodesanpedro.com.ar\/sitio\/wp-json\/wp\/v2\/users\/4"}],"replies":[{"embeddable":true,"href":"https:\/\/eldiariodesanpedro.com.ar\/sitio\/wp-json\/wp\/v2\/comments?post=88329"}],"version-history":[{"count":1,"href":"https:\/\/eldiariodesanpedro.com.ar\/sitio\/wp-json\/wp\/v2\/posts\/88329\/revisions"}],"predecessor-version":[{"id":88331,"href":"https:\/\/eldiariodesanpedro.com.ar\/sitio\/wp-json\/wp\/v2\/posts\/88329\/revisions\/88331"}],"wp:featuredmedia":[{"embeddable":true,"href":"https:\/\/eldiariodesanpedro.com.ar\/sitio\/wp-json\/wp\/v2\/media\/88330"}],"wp:attachment":[{"href":"https:\/\/eldiariodesanpedro.com.ar\/sitio\/wp-json\/wp\/v2\/media?parent=88329"}],"wp:term":[{"taxonomy":"category","embeddable":true,"href":"https:\/\/eldiariodesanpedro.com.ar\/sitio\/wp-json\/wp\/v2\/categories?post=88329"},{"taxonomy":"post_tag","embeddable":true,"href":"https:\/\/eldiariodesanpedro.com.ar\/sitio\/wp-json\/wp\/v2\/tags?post=88329"}],"curies":[{"name":"wp","href":"https:\/\/api.w.org\/{rel}","templated":true}]}}