{"id":88326,"date":"2021-02-28T16:14:06","date_gmt":"2021-02-28T19:14:06","guid":{"rendered":"https:\/\/eldiariodesanpedro.com.ar\/sitio\/?p=88326"},"modified":"2021-02-28T16:14:09","modified_gmt":"2021-02-28T19:14:09","slug":"recuperaron-cables-robados-en-el-club-de-castro","status":"publish","type":"post","link":"https:\/\/eldiariodesanpedro.com.ar\/sitio\/recuperaron-cables-robados-en-el-club-de-castro\/","title":{"rendered":"Recuperaron cables robados en el Club de Castro"},"content":{"rendered":"<!-- VideographyWP Plugin Message: Automatic video embedding prevented by plugin options. -->\n\n<p>Este viernes la polic\u00eda de nuestra ciudad en conjunto con el destacamento de Gobernador Castro realizaron allanamientos en una vivienda por el robo de cables.<\/p>\n\n\n\n<p>Las diligencias se llevaron a cabo en una vivienda ubicada en calle Sim\u00f3n Bol\u00edvar S\/N de la vecina localidad de Gobernador Castro donde se secuestraron restos de cables (cobertores, forro) y restos de cobres de los mismos que fueron sustra\u00eddos el pasado mi\u00e9rcoles de la v\u00eda p\u00fablica.<\/p>\n","protected":false},"excerpt":{"rendered":"<p>Este viernes la polic\u00eda de nuestra ciudad en conjunto con el destacamento de Gobernador Castro realizaron allanamientos en una vivienda por el robo de cables. Las diligencias se llevaron a cabo en una vivienda ubicada en calle Sim\u00f3n Bol\u00edvar S\/N de la vecina localidad de Gobernador Castro donde se secuestraron restos de cables (cobertores, forro) [&hellip;]<\/p>\n","protected":false},"author":4,"featured_media":88327,"comment_status":"open","ping_status":"closed","sticky":false,"template":"","format":"standard","meta":{"om_disable_all_campaigns":false,"_jetpack_memberships_contains_paid_content":false,"footnotes":""},"categories":[2,103],"tags":[],"class_list":["post-88326","post","type-post","status-publish","format-standard","has-post-thumbnail","hentry","category-locales","category-policiales-locales"],"aioseo_notices":[],"gutentor_comment":0,"jetpack_featured_media_url":"https:\/\/eldiariodesanpedro.com.ar\/sitio\/wp-content\/uploads\/2021\/02\/WhatsApp-Image-2021-02-27-at-13.33.51.jpeg","jetpack_shortlink":"https:\/\/wp.me\/p6RhLt-mYC","jetpack_sharing_enabled":true,"_links":{"self":[{"href":"https:\/\/eldiariodesanpedro.com.ar\/sitio\/wp-json\/wp\/v2\/posts\/88326","targetHints":{"allow":["GET"]}}],"collection":[{"href":"https:\/\/eldiariodesanpedro.com.ar\/sitio\/wp-json\/wp\/v2\/posts"}],"about":[{"href":"https:\/\/eldiariodesanpedro.com.ar\/sitio\/wp-json\/wp\/v2\/types\/post"}],"author":[{"embeddable":true,"href":"https:\/\/eldiariodesanpedro.com.ar\/sitio\/wp-json\/wp\/v2\/users\/4"}],"replies":[{"embeddable":true,"href":"https:\/\/eldiariodesanpedro.com.ar\/sitio\/wp-json\/wp\/v2\/comments?post=88326"}],"version-history":[{"count":1,"href":"https:\/\/eldiariodesanpedro.com.ar\/sitio\/wp-json\/wp\/v2\/posts\/88326\/revisions"}],"predecessor-version":[{"id":88328,"href":"https:\/\/eldiariodesanpedro.com.ar\/sitio\/wp-json\/wp\/v2\/posts\/88326\/revisions\/88328"}],"wp:featuredmedia":[{"embeddable":true,"href":"https:\/\/eldiariodesanpedro.com.ar\/sitio\/wp-json\/wp\/v2\/media\/88327"}],"wp:attachment":[{"href":"https:\/\/eldiariodesanpedro.com.ar\/sitio\/wp-json\/wp\/v2\/media?parent=88326"}],"wp:term":[{"taxonomy":"category","embeddable":true,"href":"https:\/\/eldiariodesanpedro.com.ar\/sitio\/wp-json\/wp\/v2\/categories?post=88326"},{"taxonomy":"post_tag","embeddable":true,"href":"https:\/\/eldiariodesanpedro.com.ar\/sitio\/wp-json\/wp\/v2\/tags?post=88326"}],"curies":[{"name":"wp","href":"https:\/\/api.w.org\/{rel}","templated":true}]}}