{"id":88323,"date":"2021-02-28T16:07:05","date_gmt":"2021-02-28T19:07:05","guid":{"rendered":"https:\/\/eldiariodesanpedro.com.ar\/sitio\/?p=88323"},"modified":"2021-02-28T16:07:08","modified_gmt":"2021-02-28T19:07:08","slug":"campana-le-cortaron-el-cuello-a-un-jugador-de-villa-dalmine-y-se-encuentra-en-grave-estado","status":"publish","type":"post","link":"https:\/\/eldiariodesanpedro.com.ar\/sitio\/campana-le-cortaron-el-cuello-a-un-jugador-de-villa-dalmine-y-se-encuentra-en-grave-estado\/","title":{"rendered":"CAMPANA | Le cortaron el cuello a un jugador de Villa D\u00e1lmine y se encuentra en grave estado"},"content":{"rendered":"<!-- VideographyWP Plugin Message: Automatic video embedding prevented by plugin options. -->\n\n<p>El futbolista se encontraba junto a unos amigos en Cielo Pub de Campana esta ma\u00f1ana, cerca de las 05:30. A\u00fan se desconocen detalles del hecho, pero el delantero violeta sufri\u00f3 un corte profundo en la garganta, y fue trasladado en un auto particular al Hospital, donde se encuentra en condici\u00f3n delicada.<\/p>\n\n\n\n<p>Fuente: <a href=\"https:\/\/www.campananoticias.com\/noticia\/66206\/hieren-de-gravedad-al-jugador-de-villa-dlmine-catriel-snchez\">Campana noticias<\/a><\/p>\n","protected":false},"excerpt":{"rendered":"<p>El futbolista se encontraba junto a unos amigos en Cielo Pub de Campana esta ma\u00f1ana, cerca de las 05:30. A\u00fan se desconocen detalles del hecho, pero el delantero violeta sufri\u00f3 un corte profundo en la garganta, y fue trasladado en un auto particular al Hospital, donde se encuentra en condici\u00f3n delicada. Fuente: Campana noticias<\/p>\n","protected":false},"author":4,"featured_media":88324,"comment_status":"open","ping_status":"closed","sticky":false,"template":"","format":"standard","meta":{"om_disable_all_campaigns":false,"_jetpack_memberships_contains_paid_content":false,"footnotes":""},"categories":[621],"tags":[],"class_list":["post-88323","post","type-post","status-publish","format-standard","has-post-thumbnail","hentry","category-regionales"],"aioseo_notices":[],"gutentor_comment":0,"jetpack_featured_media_url":"https:\/\/eldiariodesanpedro.com.ar\/sitio\/wp-content\/uploads\/2021\/02\/dalmine-jugador.jpg","jetpack_shortlink":"https:\/\/wp.me\/p6RhLt-mYz","jetpack_sharing_enabled":true,"_links":{"self":[{"href":"https:\/\/eldiariodesanpedro.com.ar\/sitio\/wp-json\/wp\/v2\/posts\/88323","targetHints":{"allow":["GET"]}}],"collection":[{"href":"https:\/\/eldiariodesanpedro.com.ar\/sitio\/wp-json\/wp\/v2\/posts"}],"about":[{"href":"https:\/\/eldiariodesanpedro.com.ar\/sitio\/wp-json\/wp\/v2\/types\/post"}],"author":[{"embeddable":true,"href":"https:\/\/eldiariodesanpedro.com.ar\/sitio\/wp-json\/wp\/v2\/users\/4"}],"replies":[{"embeddable":true,"href":"https:\/\/eldiariodesanpedro.com.ar\/sitio\/wp-json\/wp\/v2\/comments?post=88323"}],"version-history":[{"count":1,"href":"https:\/\/eldiariodesanpedro.com.ar\/sitio\/wp-json\/wp\/v2\/posts\/88323\/revisions"}],"predecessor-version":[{"id":88325,"href":"https:\/\/eldiariodesanpedro.com.ar\/sitio\/wp-json\/wp\/v2\/posts\/88323\/revisions\/88325"}],"wp:featuredmedia":[{"embeddable":true,"href":"https:\/\/eldiariodesanpedro.com.ar\/sitio\/wp-json\/wp\/v2\/media\/88324"}],"wp:attachment":[{"href":"https:\/\/eldiariodesanpedro.com.ar\/sitio\/wp-json\/wp\/v2\/media?parent=88323"}],"wp:term":[{"taxonomy":"category","embeddable":true,"href":"https:\/\/eldiariodesanpedro.com.ar\/sitio\/wp-json\/wp\/v2\/categories?post=88323"},{"taxonomy":"post_tag","embeddable":true,"href":"https:\/\/eldiariodesanpedro.com.ar\/sitio\/wp-json\/wp\/v2\/tags?post=88323"}],"curies":[{"name":"wp","href":"https:\/\/api.w.org\/{rel}","templated":true}]}}