{"id":88320,"date":"2021-02-28T16:04:54","date_gmt":"2021-02-28T19:04:54","guid":{"rendered":"https:\/\/eldiariodesanpedro.com.ar\/sitio\/?p=88320"},"modified":"2021-02-28T16:04:59","modified_gmt":"2021-02-28T19:04:59","slug":"campana-sin-piedad-volvian-de-un-sepelio-y-los-asaltaron","status":"publish","type":"post","link":"https:\/\/eldiariodesanpedro.com.ar\/sitio\/campana-sin-piedad-volvian-de-un-sepelio-y-los-asaltaron\/","title":{"rendered":"CAMPANA | Sin piedad: volv\u00edan de un sepelio y los asaltaron"},"content":{"rendered":"<!-- VideographyWP Plugin Message: Automatic video embedding prevented by plugin options. -->\n\n<p>Una familia fue sorprendida por dos delincuentes en moto, cuando conversaban frente a su domicilio en Matheu y C\u00e1ndido Cabrera. Seg\u00fan vecinos, la zona se ha vuelto sumamente peligrosa, planean una reuni\u00f3n para pedirle respuestas al Intendente. \u201cSe escuchan tiros por la noche, motos que van y vienen\u2026 esto es tierra de nadie\u201d sostienen.<\/p>\n\n\n\n<p>La p\u00e9rdida de un ser querido siempre duele. Genera impotencia, la cual se incrementa si en medio de tan dif\u00edcil momento, delincuentes se hacen presentes para hacerse de lo ajeno.<\/p>\n\n\n\n<p>Y en Campana, la historia se vuelve realidad, cuando una familia fue asaltada por motochorros quienes los sorprendieron mientras dialogaban en la puerta del domicilio de Matheu y C\u00e1ndido Cabrera, luego de despedir a un familiar.<\/p>\n\n\n\n<p>\u201cPor suerte no entraron a casa. Se llevaron un celular, mientras otro me apuntaba con la pistola en la cabeza\u201d cuenta Luis, quien se encontraba en la vereda charlando con familiares, tras volver del sepelio de su pap\u00e1. \u201cEst\u00e1bamos hablando y llegaron estos dos tipos en moto. Estaban muy drogados\u201d asegura.<\/p>\n\n\n\n<p>La situaci\u00f3n en B\u00b0 Sarmiento se ha vuelto cada vez m\u00e1s frecuente, y sus propios habitantes consideran a la zona como peligrosa. \u201cEst\u00e1n robando mucho, el barrio est\u00e1 muy descuidado. Vamos a hacer una reuni\u00f3n para pedirle al Intendente una respuesta. Se escuchan tiros por la noche, motos que van y vienen\u2026 esto es tierra de nadie\u201d.<\/p>\n\n\n\n<p>Fuente: <a href=\"https:\/\/www.campananoticias.com\/noticia\/66200\/sin-piedad-volvan-de-un-sepelio-y-los-asaltaron\">Campana Noticias<\/a><\/p>\n","protected":false},"excerpt":{"rendered":"<p>Una familia fue sorprendida por dos delincuentes en moto, cuando conversaban frente a su domicilio en Matheu y C\u00e1ndido Cabrera. Seg\u00fan vecinos, la zona se ha vuelto sumamente peligrosa, planean una reuni\u00f3n para pedirle respuestas al Intendente. \u201cSe escuchan tiros por la noche, motos que van y vienen\u2026 esto es tierra de nadie\u201d sostienen. La [&hellip;]<\/p>\n","protected":false},"author":4,"featured_media":88321,"comment_status":"open","ping_status":"closed","sticky":false,"template":"","format":"standard","meta":{"om_disable_all_campaigns":false,"_jetpack_memberships_contains_paid_content":false,"footnotes":""},"categories":[621],"tags":[],"class_list":["post-88320","post","type-post","status-publish","format-standard","has-post-thumbnail","hentry","category-regionales"],"aioseo_notices":[],"gutentor_comment":0,"jetpack_featured_media_url":"https:\/\/eldiariodesanpedro.com.ar\/sitio\/wp-content\/uploads\/2021\/02\/20210228120900.jpg","jetpack_shortlink":"https:\/\/wp.me\/p6RhLt-mYw","jetpack_sharing_enabled":true,"_links":{"self":[{"href":"https:\/\/eldiariodesanpedro.com.ar\/sitio\/wp-json\/wp\/v2\/posts\/88320","targetHints":{"allow":["GET"]}}],"collection":[{"href":"https:\/\/eldiariodesanpedro.com.ar\/sitio\/wp-json\/wp\/v2\/posts"}],"about":[{"href":"https:\/\/eldiariodesanpedro.com.ar\/sitio\/wp-json\/wp\/v2\/types\/post"}],"author":[{"embeddable":true,"href":"https:\/\/eldiariodesanpedro.com.ar\/sitio\/wp-json\/wp\/v2\/users\/4"}],"replies":[{"embeddable":true,"href":"https:\/\/eldiariodesanpedro.com.ar\/sitio\/wp-json\/wp\/v2\/comments?post=88320"}],"version-history":[{"count":1,"href":"https:\/\/eldiariodesanpedro.com.ar\/sitio\/wp-json\/wp\/v2\/posts\/88320\/revisions"}],"predecessor-version":[{"id":88322,"href":"https:\/\/eldiariodesanpedro.com.ar\/sitio\/wp-json\/wp\/v2\/posts\/88320\/revisions\/88322"}],"wp:featuredmedia":[{"embeddable":true,"href":"https:\/\/eldiariodesanpedro.com.ar\/sitio\/wp-json\/wp\/v2\/media\/88321"}],"wp:attachment":[{"href":"https:\/\/eldiariodesanpedro.com.ar\/sitio\/wp-json\/wp\/v2\/media?parent=88320"}],"wp:term":[{"taxonomy":"category","embeddable":true,"href":"https:\/\/eldiariodesanpedro.com.ar\/sitio\/wp-json\/wp\/v2\/categories?post=88320"},{"taxonomy":"post_tag","embeddable":true,"href":"https:\/\/eldiariodesanpedro.com.ar\/sitio\/wp-json\/wp\/v2\/tags?post=88320"}],"curies":[{"name":"wp","href":"https:\/\/api.w.org\/{rel}","templated":true}]}}