{"id":88317,"date":"2021-02-28T16:02:46","date_gmt":"2021-02-28T19:02:46","guid":{"rendered":"https:\/\/eldiariodesanpedro.com.ar\/sitio\/?p=88317"},"modified":"2021-02-28T16:02:50","modified_gmt":"2021-02-28T19:02:50","slug":"campana-dos-campanenses-murieron-en-fatal-accidente","status":"publish","type":"post","link":"https:\/\/eldiariodesanpedro.com.ar\/sitio\/campana-dos-campanenses-murieron-en-fatal-accidente\/","title":{"rendered":"CAMPANA | Dos campanenses murieron en fatal accidente"},"content":{"rendered":"<!-- VideographyWP Plugin Message: Automatic video embedding prevented by plugin options. -->\n\n<p>Iban en auto y chocaron contra un micro en la Ruta 12, a la altura del km 108. Al momento de la colisi\u00f3n, la visibilidad estaba reducida debido al humo generado por el incendio de pastizales.<\/p>\n\n\n\n<p>Dos vecinos fallecieron tras un tr\u00e1gico accidente ocurrido sobre la Ruta Nacional 12, a la altura del km 108, en inmediaciones del Complejo Z\u00e1rate-Brazo Largo y en zona de Isla Talavera.<\/p>\n\n\n\n<p>A bordo de un auto, la pareja embisti\u00f3 desde atr\u00e1s a un micro de pasajeros de la empresa R\u00edo Uruguay, perdiendo la vida. Las v\u00edctimas fueron identificadas como Sergio Arias y Marisol Bustos.<\/p>\n\n\n\n<p>El tr\u00e1nsito fue cerrado debido al hecho. Fuentes confiaron que uno de los motivos del accidente pudo haber sido la baja visibilidad que hab\u00eda en el lugar, debido al humo originado en un incendio de pastos por la zona.<\/p>\n","protected":false},"excerpt":{"rendered":"<p>Iban en auto y chocaron contra un micro en la Ruta 12, a la altura del km 108. Al momento de la colisi\u00f3n, la visibilidad estaba reducida debido al humo generado por el incendio de pastizales. Dos vecinos fallecieron tras un tr\u00e1gico accidente ocurrido sobre la Ruta Nacional 12, a la altura del km 108, [&hellip;]<\/p>\n","protected":false},"author":4,"featured_media":88318,"comment_status":"open","ping_status":"closed","sticky":false,"template":"","format":"standard","meta":{"om_disable_all_campaigns":false,"_jetpack_memberships_contains_paid_content":false,"footnotes":""},"categories":[621],"tags":[],"class_list":["post-88317","post","type-post","status-publish","format-standard","has-post-thumbnail","hentry","category-regionales"],"aioseo_notices":[],"gutentor_comment":0,"jetpack_featured_media_url":"https:\/\/eldiariodesanpedro.com.ar\/sitio\/wp-content\/uploads\/2021\/02\/20210227051757.jpg","jetpack_shortlink":"https:\/\/wp.me\/p6RhLt-mYt","jetpack_sharing_enabled":true,"_links":{"self":[{"href":"https:\/\/eldiariodesanpedro.com.ar\/sitio\/wp-json\/wp\/v2\/posts\/88317","targetHints":{"allow":["GET"]}}],"collection":[{"href":"https:\/\/eldiariodesanpedro.com.ar\/sitio\/wp-json\/wp\/v2\/posts"}],"about":[{"href":"https:\/\/eldiariodesanpedro.com.ar\/sitio\/wp-json\/wp\/v2\/types\/post"}],"author":[{"embeddable":true,"href":"https:\/\/eldiariodesanpedro.com.ar\/sitio\/wp-json\/wp\/v2\/users\/4"}],"replies":[{"embeddable":true,"href":"https:\/\/eldiariodesanpedro.com.ar\/sitio\/wp-json\/wp\/v2\/comments?post=88317"}],"version-history":[{"count":1,"href":"https:\/\/eldiariodesanpedro.com.ar\/sitio\/wp-json\/wp\/v2\/posts\/88317\/revisions"}],"predecessor-version":[{"id":88319,"href":"https:\/\/eldiariodesanpedro.com.ar\/sitio\/wp-json\/wp\/v2\/posts\/88317\/revisions\/88319"}],"wp:featuredmedia":[{"embeddable":true,"href":"https:\/\/eldiariodesanpedro.com.ar\/sitio\/wp-json\/wp\/v2\/media\/88318"}],"wp:attachment":[{"href":"https:\/\/eldiariodesanpedro.com.ar\/sitio\/wp-json\/wp\/v2\/media?parent=88317"}],"wp:term":[{"taxonomy":"category","embeddable":true,"href":"https:\/\/eldiariodesanpedro.com.ar\/sitio\/wp-json\/wp\/v2\/categories?post=88317"},{"taxonomy":"post_tag","embeddable":true,"href":"https:\/\/eldiariodesanpedro.com.ar\/sitio\/wp-json\/wp\/v2\/tags?post=88317"}],"curies":[{"name":"wp","href":"https:\/\/api.w.org\/{rel}","templated":true}]}}