{"id":88314,"date":"2021-02-28T15:55:32","date_gmt":"2021-02-28T18:55:32","guid":{"rendered":"https:\/\/eldiariodesanpedro.com.ar\/sitio\/?p=88314"},"modified":"2021-02-28T15:55:36","modified_gmt":"2021-02-28T18:55:36","slug":"ramallo-por-que-cierra-arrebeef","status":"publish","type":"post","link":"https:\/\/eldiariodesanpedro.com.ar\/sitio\/ramallo-por-que-cierra-arrebeef\/","title":{"rendered":"RAMALLO | \u00bfPor qu\u00e9 cierra ArreBeef?"},"content":{"rendered":"<!-- VideographyWP Plugin Message: Automatic video embedding prevented by plugin options. -->\n\n<p>Hugo Borrell, presidente frigor\u00edfico arrecife\u00f1o ubicado en P\u00e9rez Mill\u00e1n, anunci\u00f3 que la planta deja de trabajar ante la imposibilidad de solucionar un conflicto gremial que gener\u00f3 medidas de fuerza desde hace un mes.<\/p>\n\n\n\n<p>\u201cMe encuentro con un problema que no puedo resolver. Hoy lamentablemente tengo que informarles que ArreBeef ha dejado de funcionar. ArreBeef no va a trabajar m\u00e1s. A esta decisi\u00f3n la he tomado yo con una gran pelea familiar\u201d, dijo Hugo Borrell (73), mediante un meg\u00e1fono saliendo a poner la cara ante cientos de trabajadores en un clima tenso, regresando al frigor\u00edfico luego de un a\u00f1o a causa de la pandemia.<\/p>\n\n\n\n<p>El de ArreBeef no es un conflicto de los que pueden darse habitualmente entre empresa y empleados. Ni siquiera es un problema entre empresa y empleados. Se genera en una interna gremial.<\/p>\n\n\n\n<p>Ocurre que la mayor\u00eda de los trabajadores de ArreBeef no se siente representado por Sindicato de Trabajadores de la Carne de la zona norte, cuyo titular es Luis P\u00e9rez, uno de los gremialistas \u201catornillados\u201d a su cargo desde hace d\u00e9cadas.<\/p>\n\n\n\n<p>Los empleados de la planta frigor\u00edfica se quejan de excesivos descuentos y de que no se los defiende como corresponde. \u201cP\u00e9rez arregla \u00e9l con la empresa y que los trabajadores nos jodamos\u201d, consider\u00f3 Juan Marcelo Cardoso, exdelegado del Sindicato, empleado referente de esta protesta que se inici\u00f3 a principios de febrero y que la \u00faltima semana volvi\u00f3 a parar la producci\u00f3n de la planta.<\/p>\n\n\n\n<p>El Sindicato de Trabajadores de la Carne debi\u00f3 llamar a elecciones el a\u00f1o pasado, pero por la pandemia se suspendieron. Luego P\u00e9rez las prometi\u00f3 para febrero y tampoco\u2026 Las elecciones est\u00e1n suspendidas hasta septiembre. Y la gente se levant\u00f3.<\/p>\n\n\n\n<p>\u00bfQu\u00e9 puede hacer ArreBeef ante esto? Poco y nada. Solamente intentar dialogar para apaciguar los \u00e1nimos. No puede meterse en el gremio ni poner ni sacar a nadie. Como empresa est\u00e1 obligada por ley a negociar salarios y condiciones de trabajo con el Sindicato legalmente constituido. O sea, con Luis P\u00e9rez.<\/p>\n\n\n\n<p>Mientras tanto, y m\u00e1s all\u00e1 de lo razonable o no del reclamo de los trabajadores, desde hace un mes se ve seriamente afectado porque la paralizaci\u00f3n de actividades le impide cumplir contratos, exportaciones, y le causa un perjuicio econ\u00f3mico y de producci\u00f3n muy dif\u00edcil de sostener.<\/p>\n\n\n\n<p>Por eso Hugo Borrell dijo encontrarse ante un problema que no puede resolver. Y por lo \u00faltimo se\u00f1alado es que tambi\u00e9n decidi\u00f3 el cierre de ArreBeef.<\/p>\n\n\n\n<p>El frigor\u00edfico de capitales arrecife\u00f1os ha sido un ejemplo de trabajo en el pa\u00eds durante casi un siglo, y se ubica entre los tres m\u00e1s importantes de la Argentina. Hoy, con m\u00e1s de mil empleados es la empresa que literalmente le da vida a la localidad de P\u00e9rez Mill\u00e1n y es la inyecci\u00f3n econ\u00f3mica m\u00e1s fuerte con que cuenta el partido de Ramallo. Su cierre, incluso, se sentir\u00e1 en otras localidades del norte de la provincia, entre ellas Arrecifes.<\/p>\n\n\n\n<p>\u00bfSi hay vuelta atr\u00e1s en la decisi\u00f3n? Borrell dijo que no, pero ojal\u00e1 que la haya. Un mal sindicalista, un gremio abusivo y la falta de una pol\u00edtica seria en este sentido, no tienen derecho de causar semejante da\u00f1o.<\/p>\n\n\n\n<p>Fuente: <a href=\"https:\/\/arrecifesnoticias.com\/nacionales\/por-que-cierra-arrebeef\/\">Arrecifes Noticias<\/a><\/p>\n","protected":false},"excerpt":{"rendered":"<p>Hugo Borrell, presidente frigor\u00edfico arrecife\u00f1o ubicado en P\u00e9rez Mill\u00e1n, anunci\u00f3 que la planta deja de trabajar ante la imposibilidad de solucionar un conflicto gremial que gener\u00f3 medidas de fuerza desde hace un mes. \u201cMe encuentro con un problema que no puedo resolver. Hoy lamentablemente tengo que informarles que ArreBeef ha dejado de funcionar. ArreBeef no [&hellip;]<\/p>\n","protected":false},"author":4,"featured_media":88315,"comment_status":"open","ping_status":"closed","sticky":false,"template":"","format":"standard","meta":{"om_disable_all_campaigns":false,"_jetpack_memberships_contains_paid_content":false,"footnotes":""},"categories":[621],"tags":[],"class_list":["post-88314","post","type-post","status-publish","format-standard","has-post-thumbnail","hentry","category-regionales"],"aioseo_notices":[],"gutentor_comment":0,"jetpack_featured_media_url":"https:\/\/eldiariodesanpedro.com.ar\/sitio\/wp-content\/uploads\/2021\/02\/HugoBorrell.png","jetpack_shortlink":"https:\/\/wp.me\/p6RhLt-mYq","jetpack_sharing_enabled":true,"_links":{"self":[{"href":"https:\/\/eldiariodesanpedro.com.ar\/sitio\/wp-json\/wp\/v2\/posts\/88314","targetHints":{"allow":["GET"]}}],"collection":[{"href":"https:\/\/eldiariodesanpedro.com.ar\/sitio\/wp-json\/wp\/v2\/posts"}],"about":[{"href":"https:\/\/eldiariodesanpedro.com.ar\/sitio\/wp-json\/wp\/v2\/types\/post"}],"author":[{"embeddable":true,"href":"https:\/\/eldiariodesanpedro.com.ar\/sitio\/wp-json\/wp\/v2\/users\/4"}],"replies":[{"embeddable":true,"href":"https:\/\/eldiariodesanpedro.com.ar\/sitio\/wp-json\/wp\/v2\/comments?post=88314"}],"version-history":[{"count":1,"href":"https:\/\/eldiariodesanpedro.com.ar\/sitio\/wp-json\/wp\/v2\/posts\/88314\/revisions"}],"predecessor-version":[{"id":88316,"href":"https:\/\/eldiariodesanpedro.com.ar\/sitio\/wp-json\/wp\/v2\/posts\/88314\/revisions\/88316"}],"wp:featuredmedia":[{"embeddable":true,"href":"https:\/\/eldiariodesanpedro.com.ar\/sitio\/wp-json\/wp\/v2\/media\/88315"}],"wp:attachment":[{"href":"https:\/\/eldiariodesanpedro.com.ar\/sitio\/wp-json\/wp\/v2\/media?parent=88314"}],"wp:term":[{"taxonomy":"category","embeddable":true,"href":"https:\/\/eldiariodesanpedro.com.ar\/sitio\/wp-json\/wp\/v2\/categories?post=88314"},{"taxonomy":"post_tag","embeddable":true,"href":"https:\/\/eldiariodesanpedro.com.ar\/sitio\/wp-json\/wp\/v2\/tags?post=88314"}],"curies":[{"name":"wp","href":"https:\/\/api.w.org\/{rel}","templated":true}]}}