{"id":88311,"date":"2021-02-28T15:47:54","date_gmt":"2021-02-28T18:47:54","guid":{"rendered":"https:\/\/eldiariodesanpedro.com.ar\/sitio\/?p=88311"},"modified":"2021-02-28T15:47:58","modified_gmt":"2021-02-28T18:47:58","slug":"a-11-anos-de-la-llegada-del-buque-museo-ara-irigoyen","status":"publish","type":"post","link":"https:\/\/eldiariodesanpedro.com.ar\/sitio\/a-11-anos-de-la-llegada-del-buque-museo-ara-irigoyen\/","title":{"rendered":"A 11 a\u00f1os de la llegada del Buque Museo ARA Irigoyen"},"content":{"rendered":"<!-- VideographyWP Plugin Message: Automatic video embedding prevented by plugin options. -->\n\n<p>La Municipalidad de San Pedro recuerda hoy 28 de febrero, el 11\u00ba aniversario de la llegada a nuestra costa del Buque Museo ARA Irigoyen. Despu\u00e9s de meses complejos en los que ha sido necesario un trabajo especializado para preservar esta nave que es parte del patrimonio hist\u00f3rico de la Armada Argentina, se comparte un agradecimiento especial con quienes han sido parte de las diferentes etapas por las que ha atravesado la permanencia del buque y a los miles de sampedrinos y turistas que lo han visitado.<\/p>\n\n\n\n<p>En los \u00faltimos tiempos desde la Direcci\u00f3n de Cultura y el equipo que tiene a su cargo su mantenimiento, se han realizado importantes trabajos en la embarcaci\u00f3n y en sus inmediaciones.<\/p>\n\n\n\n<p>Entre lo m\u00e1s destacado se han cumplido tareas de pintura de barandas explanada y planchada de acceso.<br>Pintura y reparaci\u00f3n en las cubiertas, arreglo y pintura de los bancos y mesas exteriores, pintura y mantenimiento del interior de la embarcaci\u00f3n, colocaci\u00f3n de cobertores en camarotes internos y luminarias externas e internas.<\/p>\n\n\n\n<p>Adem\u00e1s para sumar mayores atractivos a la visita que se ofrece por sus instalaciones, se ha mejorado la ambientaci\u00f3n, se ha incorporado nuevo equipamiento de sonido, la producci\u00f3n de un nuevo video comunicativo con la historia y las caracter\u00edsticas del buque y el dise\u00f1o e impresi\u00f3n de folleter\u00eda ilustrativa para los visitantes.<\/p>\n\n\n\n<p>Este und\u00e9cimo aniversario encuentra al Buque a la espera de la Declaraci\u00f3n de Inter\u00e9s Cultural solicitada ante el Ministerio de Cultura de la Naci\u00f3n, con la propuesta de visitas guiadas teatralizadas y una puesta en valor total que ya ha generado en lo que va del 2021 miles de visitas, ahora con entrada libre y gratuita.<\/p>\n","protected":false},"excerpt":{"rendered":"<p>La Municipalidad de San Pedro recuerda hoy 28 de febrero, el 11\u00ba aniversario de la llegada a nuestra costa del Buque Museo ARA Irigoyen. Despu\u00e9s de meses complejos en los que ha sido necesario un trabajo especializado para preservar esta nave que es parte del patrimonio hist\u00f3rico de la Armada Argentina, se comparte un agradecimiento [&hellip;]<\/p>\n","protected":false},"author":4,"featured_media":88312,"comment_status":"open","ping_status":"closed","sticky":false,"template":"","format":"standard","meta":{"om_disable_all_campaigns":false,"_jetpack_memberships_contains_paid_content":false,"footnotes":""},"categories":[101,2],"tags":[],"class_list":["post-88311","post","type-post","status-publish","format-standard","has-post-thumbnail","hentry","category-interes-general-locales","category-locales"],"aioseo_notices":[],"gutentor_comment":0,"jetpack_featured_media_url":"https:\/\/eldiariodesanpedro.com.ar\/sitio\/wp-content\/uploads\/2021\/02\/WhatsApp-Image-2021-02-28-at-08.09.18.jpeg","jetpack_shortlink":"https:\/\/wp.me\/p6RhLt-mYn","jetpack_sharing_enabled":true,"_links":{"self":[{"href":"https:\/\/eldiariodesanpedro.com.ar\/sitio\/wp-json\/wp\/v2\/posts\/88311","targetHints":{"allow":["GET"]}}],"collection":[{"href":"https:\/\/eldiariodesanpedro.com.ar\/sitio\/wp-json\/wp\/v2\/posts"}],"about":[{"href":"https:\/\/eldiariodesanpedro.com.ar\/sitio\/wp-json\/wp\/v2\/types\/post"}],"author":[{"embeddable":true,"href":"https:\/\/eldiariodesanpedro.com.ar\/sitio\/wp-json\/wp\/v2\/users\/4"}],"replies":[{"embeddable":true,"href":"https:\/\/eldiariodesanpedro.com.ar\/sitio\/wp-json\/wp\/v2\/comments?post=88311"}],"version-history":[{"count":1,"href":"https:\/\/eldiariodesanpedro.com.ar\/sitio\/wp-json\/wp\/v2\/posts\/88311\/revisions"}],"predecessor-version":[{"id":88313,"href":"https:\/\/eldiariodesanpedro.com.ar\/sitio\/wp-json\/wp\/v2\/posts\/88311\/revisions\/88313"}],"wp:featuredmedia":[{"embeddable":true,"href":"https:\/\/eldiariodesanpedro.com.ar\/sitio\/wp-json\/wp\/v2\/media\/88312"}],"wp:attachment":[{"href":"https:\/\/eldiariodesanpedro.com.ar\/sitio\/wp-json\/wp\/v2\/media?parent=88311"}],"wp:term":[{"taxonomy":"category","embeddable":true,"href":"https:\/\/eldiariodesanpedro.com.ar\/sitio\/wp-json\/wp\/v2\/categories?post=88311"},{"taxonomy":"post_tag","embeddable":true,"href":"https:\/\/eldiariodesanpedro.com.ar\/sitio\/wp-json\/wp\/v2\/tags?post=88311"}],"curies":[{"name":"wp","href":"https:\/\/api.w.org\/{rel}","templated":true}]}}