{"id":88309,"date":"2021-02-28T15:46:06","date_gmt":"2021-02-28T18:46:06","guid":{"rendered":"https:\/\/eldiariodesanpedro.com.ar\/sitio\/?p=88309"},"modified":"2021-02-28T15:46:09","modified_gmt":"2021-02-28T18:46:09","slug":"el-plan-vacunate-se-traslado-al-club-mitre-a-partir-de-este-lunes","status":"publish","type":"post","link":"https:\/\/eldiariodesanpedro.com.ar\/sitio\/el-plan-vacunate-se-traslado-al-club-mitre-a-partir-de-este-lunes\/","title":{"rendered":"El plan vac\u00fanate se traslado al Club Mitre a partir de este lunes"},"content":{"rendered":"<!-- VideographyWP Plugin Message: Automatic video embedding prevented by plugin options. -->\n\n<p>La Municipalidad de San Pedro y el equipo de coordinaci\u00f3n del Operativo \u00abVacunate PBA\u00bb informan que a partir de esta semana, el punto central de informaci\u00f3n y vacunaci\u00f3n p\u00fablica funcionar\u00e1 en las instalaciones del Club Atl\u00e9tico Mitre (Ruiz Moreno 250), para posibilitar el inicio del ciclo lectivo en la Escuela T\u00e9cnica.<\/p>\n\n\n\n<p>En nombre de todos los involucrados en esta log\u00edstica, se expresa un profundo agradecimiento a las autoridades educativas que contribuyeron en esta primera etapa, y muy especialmente al Club Mitre que ha cedido su gimnasio, poniendo a disposici\u00f3n toda la infraestructura que poseen, en un sitio estrat\u00e9gico para garantizar el funcionamiento de un operativo tan importante.<\/p>\n\n\n\n<p>Adem\u00e1s, queremos instar al resto de las entidades que cuentan con gimnasios deportivos, a que presten su colaboraci\u00f3n con el Club, para que pueda reprogramar los compromisos de su agenda, que no podr\u00e1n realizar all\u00ed.<\/p>\n\n\n\n<p>Hacerlo, tambi\u00e9n es acompa\u00f1ar a toda la comunidad sampedrina.<\/p>\n\n\n\n<p>Durante el fin de semana con la participaci\u00f3n de diferentes \u00e1reas municipales, se cumpli\u00f3 con el traslado del mobiliario y equipamiento. Por otro lado la Direcci\u00f3n de Modernizaci\u00f3n finaliz\u00f3 los ajustes pertinentes para garantizar la m\u00e1xima conectividad posible a Internet, esencial para todos los procesos que requieren este servicio.<\/p>\n\n\n\n<p>Desde la Regi\u00f3n Sanitaria se inform\u00f3 que lunes y martes, no se emitir\u00e1n turnos para vacunar y seguir\u00e1 habilitado el sitio para la inscripci\u00f3n de voluntarios.<\/p>\n\n\n\n<p>Ante la llegada programada de nuevos lotes de vacunas se espera que la cantidad de turnos diarios se incremente con la misma modalidad, horarios y log\u00edstica de las sedes escolares.<\/p>\n\n\n\n<p>Los hospitales provinciales y municipales continuar\u00e1n con su participaci\u00f3n en el operativo tambi\u00e9n con la misma modalidad.<\/p>\n\n\n\n<p>Se recuerda que est\u00e1 habilitada una l\u00ednea para pedir informaci\u00f3n por whatsapp o llamando al 3329-317575 y que tambi\u00e9n se pueden comunicar con la coordinaci\u00f3n del operativo v\u00eda mail a <a href=\"mailto:vacunatesanpedro@gmail.com\">vacunatesanpedro@gmail.com<\/a><\/p>\n","protected":false},"excerpt":{"rendered":"<p>La Municipalidad de San Pedro y el equipo de coordinaci\u00f3n del Operativo \u00abVacunate PBA\u00bb informan que a partir de esta semana, el punto central de informaci\u00f3n y vacunaci\u00f3n p\u00fablica funcionar\u00e1 en las instalaciones del Club Atl\u00e9tico Mitre (Ruiz Moreno 250), para posibilitar el inicio del ciclo lectivo en la Escuela T\u00e9cnica. En nombre de todos [&hellip;]<\/p>\n","protected":false},"author":4,"featured_media":87749,"comment_status":"open","ping_status":"closed","sticky":false,"template":"","format":"standard","meta":{"om_disable_all_campaigns":false,"_jetpack_memberships_contains_paid_content":false,"footnotes":""},"categories":[50,101,2],"tags":[],"class_list":["post-88309","post","type-post","status-publish","format-standard","has-post-thumbnail","hentry","category-destacadas","category-interes-general-locales","category-locales"],"aioseo_notices":[],"gutentor_comment":0,"jetpack_featured_media_url":"https:\/\/eldiariodesanpedro.com.ar\/sitio\/wp-content\/uploads\/2021\/02\/WhatsApp-Image-2021-02-17-at-12.41.41-1.jpeg","jetpack_shortlink":"https:\/\/wp.me\/p6RhLt-mYl","jetpack_sharing_enabled":true,"_links":{"self":[{"href":"https:\/\/eldiariodesanpedro.com.ar\/sitio\/wp-json\/wp\/v2\/posts\/88309","targetHints":{"allow":["GET"]}}],"collection":[{"href":"https:\/\/eldiariodesanpedro.com.ar\/sitio\/wp-json\/wp\/v2\/posts"}],"about":[{"href":"https:\/\/eldiariodesanpedro.com.ar\/sitio\/wp-json\/wp\/v2\/types\/post"}],"author":[{"embeddable":true,"href":"https:\/\/eldiariodesanpedro.com.ar\/sitio\/wp-json\/wp\/v2\/users\/4"}],"replies":[{"embeddable":true,"href":"https:\/\/eldiariodesanpedro.com.ar\/sitio\/wp-json\/wp\/v2\/comments?post=88309"}],"version-history":[{"count":1,"href":"https:\/\/eldiariodesanpedro.com.ar\/sitio\/wp-json\/wp\/v2\/posts\/88309\/revisions"}],"predecessor-version":[{"id":88310,"href":"https:\/\/eldiariodesanpedro.com.ar\/sitio\/wp-json\/wp\/v2\/posts\/88309\/revisions\/88310"}],"wp:featuredmedia":[{"embeddable":true,"href":"https:\/\/eldiariodesanpedro.com.ar\/sitio\/wp-json\/wp\/v2\/media\/87749"}],"wp:attachment":[{"href":"https:\/\/eldiariodesanpedro.com.ar\/sitio\/wp-json\/wp\/v2\/media?parent=88309"}],"wp:term":[{"taxonomy":"category","embeddable":true,"href":"https:\/\/eldiariodesanpedro.com.ar\/sitio\/wp-json\/wp\/v2\/categories?post=88309"},{"taxonomy":"post_tag","embeddable":true,"href":"https:\/\/eldiariodesanpedro.com.ar\/sitio\/wp-json\/wp\/v2\/tags?post=88309"}],"curies":[{"name":"wp","href":"https:\/\/api.w.org\/{rel}","templated":true}]}}