{"id":88302,"date":"2021-02-27T19:12:35","date_gmt":"2021-02-27T22:12:35","guid":{"rendered":"https:\/\/eldiariodesanpedro.com.ar\/sitio\/?p=88302"},"modified":"2021-02-27T19:14:12","modified_gmt":"2021-02-27T22:14:12","slug":"la-remiseria-acompano-y-ayudo-a-la-joven-que-se-arrojo-del-remis","status":"publish","type":"post","link":"https:\/\/eldiariodesanpedro.com.ar\/sitio\/la-remiseria-acompano-y-ayudo-a-la-joven-que-se-arrojo-del-remis\/","title":{"rendered":"La remiser\u00eda acompa\u00f1\u00f3 y ayud\u00f3 a la joven que se arroj\u00f3 del remis"},"content":{"rendered":"<!-- VideographyWP Plugin Message: Automatic video embedding prevented by plugin options. -->\n\n<p>En la tarde de este s\u00e1bado dialogamos con la propietaria de la remiseria Arcoiris quien fue se\u00f1alada como la responsable de lo <a href=\"https:\/\/eldiariodesanpedro.com.ar\/sitio\/una-joven-menor-de-edad-denuncio-en-redes-sociales-a-un-remisero-por-una-actitud-sospechosa\/?fbclid=IwAR2RUR_9P6WFZ3G74nCaQ5nSlauObpdt1rKUR8gIYvwAEmSmPQpj3BdwXNQ\">sucedido con un empleado suyo a trav\u00e9s de las redes sociales.<\/a>\u00a0<\/p>\n\n\n\n<p>\u201cA penas estuvo al tanto de lo sucedido con la joven de 16 a\u00f1os nos preocupamos por ver c\u00f3mo estaba y que nos relate lo que sucedi\u00f3\u201d nos coment\u00f3 la due\u00f1a de la empresa Gladys Perez, \u201cnosotros no supimos nada hasta la tarde y la chica se comunic\u00f3 solamente a la noche despu\u00e9s del hecho que ella se tir\u00f3 del remis, y en la ma\u00f1ana o la tarde no volvi\u00f3 a comunicarse\u201d.<\/p>\n\n\n\n<p>Seg\u00fan no explicaba los autom\u00f3viles son controlados por gps y el remisero simplemente se perdi\u00f3, incluso llam\u00f3 a la base para poder dar con la ubicaci\u00f3n, por eso sabemos los movimientos que hizo ese m\u00f3vil y creemos que todo esto solo es una confusi\u00f3n y que la chica solo se asusto.<\/p>\n\n\n\n<p>De cualquier manera la propietaria se puso a disposici\u00f3n de la joven y estuvieron reunidos a la tarde para tratar de aclarar la situaci\u00f3n y de ser necesario acompa\u00f1arla a hacer la denuncia correspondiente.<\/p>\n\n\n\n<p>\u201cEs entendible la situaci\u00f3n que pas\u00f3 la chica teniendo en cuenta todo lo que est\u00e1 pasando hoy en dia con los femicidios y el abuso contra de las mujeres, pero queremos aclarar que nosotros nos hacemos responsables de lo que suceda, en el caso que pasara algo igual o similar no duden en comunicarse con nostros que apoyaremos en lo que sea necesario\u201d. aclaro Gladys.<\/p>\n\n\n\n<p>Tambi\u00e9n asegur\u00f3 que la empresa tomar\u00e1 las medidas necesarias con el chofer para que esto adem\u00e1s no vuelva a pasar con otros.<\/p>\n","protected":false},"excerpt":{"rendered":"<p>En la tarde de este s\u00e1bado dialogamos con la propietaria de la remiseria Arcoiris quien fue se\u00f1alada como la responsable de lo sucedido con un empleado suyo a trav\u00e9s de las redes sociales.\u00a0 \u201cA penas estuvo al tanto de lo sucedido con la joven de 16 a\u00f1os nos preocupamos por ver c\u00f3mo estaba y que [&hellip;]<\/p>\n","protected":false},"author":4,"featured_media":88303,"comment_status":"open","ping_status":"closed","sticky":false,"template":"","format":"standard","meta":{"om_disable_all_campaigns":false,"_jetpack_memberships_contains_paid_content":false,"footnotes":""},"categories":[2,103],"tags":[],"class_list":["post-88302","post","type-post","status-publish","format-standard","has-post-thumbnail","hentry","category-locales","category-policiales-locales"],"aioseo_notices":[],"gutentor_comment":0,"jetpack_featured_media_url":"https:\/\/eldiariodesanpedro.com.ar\/sitio\/wp-content\/uploads\/2021\/02\/multimedia.normal.a902964e6e2ab240.72656d697365726f735f6e6f726d616c2e6a7067.jpg","jetpack_shortlink":"https:\/\/wp.me\/p6RhLt-mYe","jetpack_sharing_enabled":true,"_links":{"self":[{"href":"https:\/\/eldiariodesanpedro.com.ar\/sitio\/wp-json\/wp\/v2\/posts\/88302","targetHints":{"allow":["GET"]}}],"collection":[{"href":"https:\/\/eldiariodesanpedro.com.ar\/sitio\/wp-json\/wp\/v2\/posts"}],"about":[{"href":"https:\/\/eldiariodesanpedro.com.ar\/sitio\/wp-json\/wp\/v2\/types\/post"}],"author":[{"embeddable":true,"href":"https:\/\/eldiariodesanpedro.com.ar\/sitio\/wp-json\/wp\/v2\/users\/4"}],"replies":[{"embeddable":true,"href":"https:\/\/eldiariodesanpedro.com.ar\/sitio\/wp-json\/wp\/v2\/comments?post=88302"}],"version-history":[{"count":2,"href":"https:\/\/eldiariodesanpedro.com.ar\/sitio\/wp-json\/wp\/v2\/posts\/88302\/revisions"}],"predecessor-version":[{"id":88305,"href":"https:\/\/eldiariodesanpedro.com.ar\/sitio\/wp-json\/wp\/v2\/posts\/88302\/revisions\/88305"}],"wp:featuredmedia":[{"embeddable":true,"href":"https:\/\/eldiariodesanpedro.com.ar\/sitio\/wp-json\/wp\/v2\/media\/88303"}],"wp:attachment":[{"href":"https:\/\/eldiariodesanpedro.com.ar\/sitio\/wp-json\/wp\/v2\/media?parent=88302"}],"wp:term":[{"taxonomy":"category","embeddable":true,"href":"https:\/\/eldiariodesanpedro.com.ar\/sitio\/wp-json\/wp\/v2\/categories?post=88302"},{"taxonomy":"post_tag","embeddable":true,"href":"https:\/\/eldiariodesanpedro.com.ar\/sitio\/wp-json\/wp\/v2\/tags?post=88302"}],"curies":[{"name":"wp","href":"https:\/\/api.w.org\/{rel}","templated":true}]}}