{"id":88295,"date":"2021-02-27T15:27:51","date_gmt":"2021-02-27T18:27:51","guid":{"rendered":"https:\/\/eldiariodesanpedro.com.ar\/sitio\/?p=88295"},"modified":"2021-02-27T17:07:47","modified_gmt":"2021-02-27T20:07:47","slug":"una-joven-menor-de-edad-denuncio-en-redes-sociales-a-un-remisero-por-una-actitud-sospechosa","status":"publish","type":"post","link":"https:\/\/eldiariodesanpedro.com.ar\/sitio\/una-joven-menor-de-edad-denuncio-en-redes-sociales-a-un-remisero-por-una-actitud-sospechosa\/","title":{"rendered":"Una joven menor de edad denuncio en redes sociales a un remisero por una actitud sospechosa"},"content":{"rendered":"<!-- VideographyWP Plugin Message: Automatic video embedding prevented by plugin options. -->\n\n<p>En la jornada de hoy una joven de 16 a\u00f1os realiz\u00f3 una denuncia por redes sociales advirtiendo sobre un remisero que en la madrugada de hoy la llev\u00f3 a un lugar haciendo una parada extra\u00f1a con intenciones extra\u00f1as.<\/p>\n\n\n\n<p>El hecho inici\u00f3 alrededor de las 00:30 hs de este sabado cuando una joven de 16 a\u00f1os solicita un remis a una empresa ubicada en calle Belgrano para que la retire en una vivienda ubicada en calle Nieto de Torres al 400 donde se hizo presente un sujeto en un automovil Volkswagen Suran de color gris, desde donde le pide que la lleve hasta la casa de la amiga en calle Sargento Selada al 1500.<\/p>\n\n\n\n<p>Seg\u00fan el relato de la joven \u201cdesde que sub\u00ed era todo muy extra\u00f1o, el remisero ni siquiera me salud\u00f3 ni dijo hola ni nada, y despues comenzo a agarrar por calles que anda que ver por donde siempre voy a la casa de mi amiga\u201d, cont\u00f3 la joven y a\u00f1adi\u00f3 \u201cme llev\u00f3 por una calle que ni conozco hasta que se meti\u00f3 dentro de un zanj\u00f3n en una zona re oscura, cuando paro no dijo nada y yo lo unico que atine es a bajarme del auto y salir corriendo\u201d.<\/p>\n\n\n\n<p>La adolencente relat\u00f3 que ella siempre se maneja en remises y taxis, sin tener nunca un problema como este.<\/p>\n\n\n\n<p>Tras salir corriendo pidiendo ayuda en la v\u00eda p\u00fablica se encontr\u00f3 una pareja que circulaba en un autom\u00f3vil que la socorri\u00f3 hasta llevarla a su casa.<\/p>\n\n\n\n<p>La joven se acerca a realizar la correspondiente denuncia en la Comisar\u00eda de la Mujer.&nbsp;<\/p>\n\n\n\n<p>Adem\u00e1s de ella varias personas se sumaron a su denuncia contando que en la madrugada de hoy le ocurrieron situaciones similares con la misma empresa de remis y el mismo remisero.<\/p>\n\n\n\n<p>Cuando realizaron el llamado a la remiseria la empresa se deslig\u00f3 del problema diciendo que era todo mentira.<\/p>\n\n\n\n<figure class=\"wp-block-image size-large\"><img decoding=\"async\" width=\"801\" height=\"1024\" data-attachment-id=\"88298\" data-permalink=\"https:\/\/eldiariodesanpedro.com.ar\/sitio\/una-joven-menor-de-edad-denuncio-en-redes-sociales-a-un-remisero-por-una-actitud-sospechosa\/sin-titulo-1-139\/\" data-orig-file=\"https:\/\/eldiariodesanpedro.com.ar\/sitio\/wp-content\/uploads\/2021\/02\/Sin-titulo-1-7.jpg\" data-orig-size=\"850,1086\" data-comments-opened=\"1\" data-image-meta=\"{&quot;aperture&quot;:&quot;0&quot;,&quot;credit&quot;:&quot;Usuario&quot;,&quot;camera&quot;:&quot;&quot;,&quot;caption&quot;:&quot;&quot;,&quot;created_timestamp&quot;:&quot;1614439058&quot;,&quot;copyright&quot;:&quot;&quot;,&quot;focal_length&quot;:&quot;0&quot;,&quot;iso&quot;:&quot;0&quot;,&quot;shutter_speed&quot;:&quot;0&quot;,&quot;title&quot;:&quot;&quot;,&quot;orientation&quot;:&quot;0&quot;}\" data-image-title=\"Sin t\u00edtulo-1\" data-image-description=\"\" data-image-caption=\"\" data-large-file=\"https:\/\/eldiariodesanpedro.com.ar\/sitio\/wp-content\/uploads\/2021\/02\/Sin-titulo-1-7-801x1024.jpg\" data-src=\"https:\/\/eldiariodesanpedro.com.ar\/sitio\/wp-content\/uploads\/2021\/02\/Sin-titulo-1-7-801x1024.jpg\" alt=\"\" class=\"wp-image-88298 lazyload\" data-srcset=\"https:\/\/eldiariodesanpedro.com.ar\/sitio\/wp-content\/uploads\/2021\/02\/Sin-titulo-1-7-801x1024.jpg 801w, https:\/\/eldiariodesanpedro.com.ar\/sitio\/wp-content\/uploads\/2021\/02\/Sin-titulo-1-7-235x300.jpg 235w, https:\/\/eldiariodesanpedro.com.ar\/sitio\/wp-content\/uploads\/2021\/02\/Sin-titulo-1-7-768x981.jpg 768w, https:\/\/eldiariodesanpedro.com.ar\/sitio\/wp-content\/uploads\/2021\/02\/Sin-titulo-1-7.jpg 850w\" data-sizes=\"(max-width: 801px) 100vw, 801px\" src=\"data:image\/svg+xml;base64,PHN2ZyB3aWR0aD0iMSIgaGVpZ2h0PSIxIiB4bWxucz0iaHR0cDovL3d3dy53My5vcmcvMjAwMC9zdmciPjwvc3ZnPg==\" style=\"--smush-placeholder-width: 801px; --smush-placeholder-aspect-ratio: 801\/1024;\" \/><\/figure>\n","protected":false},"excerpt":{"rendered":"<p>En la jornada de hoy una joven de 16 a\u00f1os realiz\u00f3 una denuncia por redes sociales advirtiendo sobre un remisero que en la madrugada de hoy la llev\u00f3 a un lugar haciendo una parada extra\u00f1a con intenciones extra\u00f1as. El hecho inici\u00f3 alrededor de las 00:30 hs de este sabado cuando una joven de 16 a\u00f1os [&hellip;]<\/p>\n","protected":false},"author":4,"featured_media":88297,"comment_status":"open","ping_status":"closed","sticky":false,"template":"","format":"standard","meta":{"om_disable_all_campaigns":false,"_jetpack_memberships_contains_paid_content":false,"footnotes":""},"categories":[2,103],"tags":[],"class_list":["post-88295","post","type-post","status-publish","format-standard","has-post-thumbnail","hentry","category-locales","category-policiales-locales"],"aioseo_notices":[],"gutentor_comment":0,"jetpack_featured_media_url":"https:\/\/eldiariodesanpedro.com.ar\/sitio\/wp-content\/uploads\/2021\/02\/1277257AC9097688F015EE0C4B26075D506.jpg","jetpack_shortlink":"https:\/\/wp.me\/p6RhLt-mY7","jetpack_sharing_enabled":true,"_links":{"self":[{"href":"https:\/\/eldiariodesanpedro.com.ar\/sitio\/wp-json\/wp\/v2\/posts\/88295","targetHints":{"allow":["GET"]}}],"collection":[{"href":"https:\/\/eldiariodesanpedro.com.ar\/sitio\/wp-json\/wp\/v2\/posts"}],"about":[{"href":"https:\/\/eldiariodesanpedro.com.ar\/sitio\/wp-json\/wp\/v2\/types\/post"}],"author":[{"embeddable":true,"href":"https:\/\/eldiariodesanpedro.com.ar\/sitio\/wp-json\/wp\/v2\/users\/4"}],"replies":[{"embeddable":true,"href":"https:\/\/eldiariodesanpedro.com.ar\/sitio\/wp-json\/wp\/v2\/comments?post=88295"}],"version-history":[{"count":2,"href":"https:\/\/eldiariodesanpedro.com.ar\/sitio\/wp-json\/wp\/v2\/posts\/88295\/revisions"}],"predecessor-version":[{"id":88301,"href":"https:\/\/eldiariodesanpedro.com.ar\/sitio\/wp-json\/wp\/v2\/posts\/88295\/revisions\/88301"}],"wp:featuredmedia":[{"embeddable":true,"href":"https:\/\/eldiariodesanpedro.com.ar\/sitio\/wp-json\/wp\/v2\/media\/88297"}],"wp:attachment":[{"href":"https:\/\/eldiariodesanpedro.com.ar\/sitio\/wp-json\/wp\/v2\/media?parent=88295"}],"wp:term":[{"taxonomy":"category","embeddable":true,"href":"https:\/\/eldiariodesanpedro.com.ar\/sitio\/wp-json\/wp\/v2\/categories?post=88295"},{"taxonomy":"post_tag","embeddable":true,"href":"https:\/\/eldiariodesanpedro.com.ar\/sitio\/wp-json\/wp\/v2\/tags?post=88295"}],"curies":[{"name":"wp","href":"https:\/\/api.w.org\/{rel}","templated":true}]}}