{"id":88292,"date":"2021-02-27T13:31:13","date_gmt":"2021-02-27T16:31:13","guid":{"rendered":"https:\/\/eldiariodesanpedro.com.ar\/sitio\/?p=88292"},"modified":"2021-02-27T13:31:17","modified_gmt":"2021-02-27T16:31:17","slug":"ramallo-borrel-tengo-que-informarles-que-arrebeef-ha-dejado-de-funcionar-arrebeef-no-va-a-trabajar-mas","status":"publish","type":"post","link":"https:\/\/eldiariodesanpedro.com.ar\/sitio\/ramallo-borrel-tengo-que-informarles-que-arrebeef-ha-dejado-de-funcionar-arrebeef-no-va-a-trabajar-mas\/","title":{"rendered":"RAMALLO | Borrel \u00abTengo que informarles que ArreBeef ha dejado de funcionar. ArreBeef no va a trabajar m\u00e1s\u00bb"},"content":{"rendered":"<!-- VideographyWP Plugin Message: Automatic video embedding prevented by plugin options. -->\n\n<p>Horas de tensi\u00f3n y preocupaci\u00f3n se viven en P\u00e9rez Mill\u00e1n. El anuncio del cierre del frigor\u00edfico Arre Beef sorprendi\u00f3 a gran parte de la comunidad ya que la empresa es una de las principales exportadoras de carne del pa\u00eds.<\/p>\n\n\n\n<p><br>En la tarde del viernes Borrel comunic\u00f3 \u00abTengo que informarles que ArreBeef ha dejado de funcionar. ArreBeef no va a trabajar m\u00e1s. Esta decisi\u00f3n la he tomado yo con una gran pelea familiar, no quiero que mis hijos sufran\u00bb.&nbsp;<\/p>\n\n\n\n<p>Mientras tanto este s\u00e1bado gran parte de la dirigencia local y nacional (Ministerio de Trabajo qui\u00e9n es quien act\u00faa) buscar\u00e1n una salida ya que Arre Beef est\u00e1 dentro de los cinco frigor\u00edficos m\u00e1s importantes de la Argentina.&nbsp;&nbsp;<\/p>\n\n\n\n<p>Hugo Borrel, el due\u00f1o del frigor\u00edfico fue quien le anunci\u00f3 el cierre definitivo de la planta y despidi\u00f3 a los 1.000 empleados. Todo comenz\u00f3 en medio de un conflicto gremial que lleva varios d\u00edas&nbsp; y se profundiz\u00f3 con el cese de trabajo y la toma de la planta por parte de los trabajadores.&nbsp;<\/p>\n\n\n\n<p>Los trabajadores desde hace un tiempo hab\u00edan mostrado su enojo con la conducci\u00f3n gremial y hab\u00eda pedido que los representantes de la Federaci\u00f3n Norte del gremio de la carne act\u00faen. Al no tener respuesta y de manera directa los trabajadores decidieron ir a una medida de fuerza por tiempo indeterminado.&nbsp;<\/p>\n\n\n\n<p>Los trabajadores buscaban modificar la representaci\u00f3n gremial y acusaban a P\u00e9rez de trabar la situaci\u00f3n. Muchos de los empleados de ArreBeef se manifestaron frente a la sede del Sindicato de Trabajadores de la Carne para pedir la renuncia del gremialista y la realizaci\u00f3n de elecciones.<\/p>\n","protected":false},"excerpt":{"rendered":"<p>Horas de tensi\u00f3n y preocupaci\u00f3n se viven en P\u00e9rez Mill\u00e1n. El anuncio del cierre del frigor\u00edfico Arre Beef sorprendi\u00f3 a gran parte de la comunidad ya que la empresa es una de las principales exportadoras de carne del pa\u00eds. En la tarde del viernes Borrel comunic\u00f3 \u00abTengo que informarles que ArreBeef ha dejado de funcionar. [&hellip;]<\/p>\n","protected":false},"author":4,"featured_media":88293,"comment_status":"open","ping_status":"closed","sticky":false,"template":"","format":"standard","meta":{"om_disable_all_campaigns":false,"_jetpack_memberships_contains_paid_content":false,"footnotes":""},"categories":[621],"tags":[],"class_list":["post-88292","post","type-post","status-publish","format-standard","has-post-thumbnail","hentry","category-regionales"],"aioseo_notices":[],"gutentor_comment":0,"jetpack_featured_media_url":"https:\/\/eldiariodesanpedro.com.ar\/sitio\/wp-content\/uploads\/2021\/02\/resize_1614427618.jpg","jetpack_shortlink":"https:\/\/wp.me\/p6RhLt-mY4","jetpack_sharing_enabled":true,"_links":{"self":[{"href":"https:\/\/eldiariodesanpedro.com.ar\/sitio\/wp-json\/wp\/v2\/posts\/88292","targetHints":{"allow":["GET"]}}],"collection":[{"href":"https:\/\/eldiariodesanpedro.com.ar\/sitio\/wp-json\/wp\/v2\/posts"}],"about":[{"href":"https:\/\/eldiariodesanpedro.com.ar\/sitio\/wp-json\/wp\/v2\/types\/post"}],"author":[{"embeddable":true,"href":"https:\/\/eldiariodesanpedro.com.ar\/sitio\/wp-json\/wp\/v2\/users\/4"}],"replies":[{"embeddable":true,"href":"https:\/\/eldiariodesanpedro.com.ar\/sitio\/wp-json\/wp\/v2\/comments?post=88292"}],"version-history":[{"count":1,"href":"https:\/\/eldiariodesanpedro.com.ar\/sitio\/wp-json\/wp\/v2\/posts\/88292\/revisions"}],"predecessor-version":[{"id":88294,"href":"https:\/\/eldiariodesanpedro.com.ar\/sitio\/wp-json\/wp\/v2\/posts\/88292\/revisions\/88294"}],"wp:featuredmedia":[{"embeddable":true,"href":"https:\/\/eldiariodesanpedro.com.ar\/sitio\/wp-json\/wp\/v2\/media\/88293"}],"wp:attachment":[{"href":"https:\/\/eldiariodesanpedro.com.ar\/sitio\/wp-json\/wp\/v2\/media?parent=88292"}],"wp:term":[{"taxonomy":"category","embeddable":true,"href":"https:\/\/eldiariodesanpedro.com.ar\/sitio\/wp-json\/wp\/v2\/categories?post=88292"},{"taxonomy":"post_tag","embeddable":true,"href":"https:\/\/eldiariodesanpedro.com.ar\/sitio\/wp-json\/wp\/v2\/tags?post=88292"}],"curies":[{"name":"wp","href":"https:\/\/api.w.org\/{rel}","templated":true}]}}