{"id":8829,"date":"2016-10-14T20:15:40","date_gmt":"2016-10-14T23:15:40","guid":{"rendered":"https:\/\/eldiariodesanpedro.com.ar\/sitio\/?p=8829"},"modified":"2016-10-14T20:15:40","modified_gmt":"2016-10-14T23:15:40","slug":"acusan-a-clinica-del-carmen-de-zarate-por-la-muerte-de-dos-bebes","status":"publish","type":"post","link":"https:\/\/eldiariodesanpedro.com.ar\/sitio\/acusan-a-clinica-del-carmen-de-zarate-por-la-muerte-de-dos-bebes\/","title":{"rendered":"Acusan a Cl\u00ednica del Carmen de Z\u00e1rate por la muerte de dos beb\u00e9s"},"content":{"rendered":"<p><!-- VideographyWP Plugin Message: Automatic video embedding prevented by plugin options. --><br \/>\nDos familias padecieron una situaci\u00f3n muy similar aunque con detalles diferentes: Delfina y Sim\u00f3n nacieron prematuros y tanto su llegada al mundo como el embarazo de sus mam\u00e1s fue atendido en el sanatorio privado zarate\u00f1o. \u00abIdas y vueltas\u00bb, tr\u00e1mites y coberturas; m\u00e9dicos cuestionados y un desenlace fatal. Ahora, unidas pero cada una por su lado, van a la Justicia contra la Cl\u00ednica, las obras sociales y los profesionales que los \u00abatendieron\u00bb.<br \/>\nDos historias tristes que tienen mucho en com\u00fan, tanto que hasta compartieron internaci\u00f3n en la Cl\u00ednica Privada del Carmen, instituci\u00f3n a la que ambas familias ahora acusan.<br \/>\nDelfina y Sim\u00f3n son los principales protagonistas, las v\u00edctimas, ambos ten\u00edan muy poco tiempo de vida y hab\u00edan nacido prematuros. Seg\u00fan sus madres no recibieron la atenci\u00f3n correspondiente y el desenlace fue fatal. La beba muri\u00f3 el 9 de junio en la Cl\u00ednica Suizo Argentina (Capital Federal), mientras que el ni\u00f1o falleci\u00f3 en el Instituto Itoiz de Avellaneda el 3 de julio.<br \/>\nAl respecto, en di\u00e1logo con J\u00e9sica (madre de Delfina), cont\u00f3 que la presentaci\u00f3n judicial apunta no s\u00f3lo al sanatorio zarate\u00f1o sino tambi\u00e9n a la obra social Swiss Medical y a los m\u00e9dicos que la atendieron, se\u00f1alando principalmente al Dr. Carlos Bachiochi.<br \/>\nPor su parte, la mam\u00e1 de Sim\u00f3n, Mar\u00eda Paz, menciona en su relato una larga lista de profesionales que atendieron al beb\u00e9 antes y despu\u00e9s de nacer, entre los que se encuentran varias obst\u00e9tricas, un ginec\u00f3logo y un neonat\u00f3logo.<br \/>\nAmbas coinciden en apuntar a la \u201catenci\u00f3n\u201d del personal de la Cl\u00ednica del Carmen y a las reiteradas \u201cidas y vueltas\u201d sin respuestas concretas. Tambi\u00e9n afirman que de haberse tratado a tiempo el cuadro de los embarazos y de cada uno de los reci\u00e9n nacidos el desenlace podr\u00eda haber sido otro.<br \/>\nOtro punto cuestionado es la respuesta poco pr\u00e1ctica e incompleta que brindaron las obras sociales de las dos familias: Swiss Medical y Uni\u00f3n Personal. Traslados, incomodidades y estudios se vieron demorados o, en algunos casos, jam\u00e1s prestados.<br \/>\n\u201cMe mintieron en todo momento\u201d, dice J\u00e9sica y asegura que Delfina estuvo al menos 72 horas grave, pero ella se enter\u00f3 al llegar al sanatorio de Capital Federal, pese a que ese cuadro figuraba en la Historia Cl\u00ednica de la paciente en la Cl\u00ednica del Carmen, pero no fue tratada como corresponde. Esa \u201cmentira\u201d se la aduce al Dr. Bachiochi.<br \/>\nMientras que Mar\u00eda Paz expresa: \u201cDurante los tres d\u00edas cruciales, donde se debi\u00f3 evitar el parto prematuro, nunca fuimos atendidos por un solo m\u00e9dico\u201d sino por obst\u00e9tricas que \u201cno tienen ni los conocimientos ni la capacitaci\u00f3n de un m\u00e9dico\u201d.<br \/>\n\u201cSi a Delfina la hubieran medicado para infecci\u00f3n por hongos hoy estar\u00eda viva. La medicaci\u00f3n que le proporcionaron desde la Cl\u00ednica del Carmen no fue la correcta\u201d, asegura J\u00e9sica y pide \u201c\u00a1Justicia por Delfina!\u201d. \u201c\u00a1Justicia por Sim\u00f3n!\u201d, exige Mar\u00eda Paz. (Fuente: Z\u00e1rate Alerta).<\/p>\n","protected":false},"excerpt":{"rendered":"<p>Dos familias padecieron una situaci\u00f3n muy similar aunque con detalles diferentes: Delfina y Sim\u00f3n nacieron prematuros y tanto su llegada al mundo como el embarazo de sus mam\u00e1s fue atendido en el sanatorio privado zarate\u00f1o. \u00abIdas y vueltas\u00bb, tr\u00e1mites y coberturas; m\u00e9dicos cuestionados y un desenlace fatal. Ahora, unidas pero cada una por su lado, [&hellip;]<\/p>\n","protected":false},"author":4,"featured_media":8832,"comment_status":"open","ping_status":"closed","sticky":false,"template":"","format":"standard","meta":{"om_disable_all_campaigns":false,"_jetpack_memberships_contains_paid_content":false,"footnotes":""},"categories":[101,2],"tags":[],"class_list":["post-8829","post","type-post","status-publish","format-standard","has-post-thumbnail","hentry","category-interes-general-locales","category-locales"],"aioseo_notices":[],"gutentor_comment":0,"jetpack_featured_media_url":"https:\/\/eldiariodesanpedro.com.ar\/sitio\/wp-content\/uploads\/2016\/10\/Clinica-Zarate.jpg","jetpack_shortlink":"https:\/\/wp.me\/p6RhLt-2ip","jetpack_sharing_enabled":true,"_links":{"self":[{"href":"https:\/\/eldiariodesanpedro.com.ar\/sitio\/wp-json\/wp\/v2\/posts\/8829","targetHints":{"allow":["GET"]}}],"collection":[{"href":"https:\/\/eldiariodesanpedro.com.ar\/sitio\/wp-json\/wp\/v2\/posts"}],"about":[{"href":"https:\/\/eldiariodesanpedro.com.ar\/sitio\/wp-json\/wp\/v2\/types\/post"}],"author":[{"embeddable":true,"href":"https:\/\/eldiariodesanpedro.com.ar\/sitio\/wp-json\/wp\/v2\/users\/4"}],"replies":[{"embeddable":true,"href":"https:\/\/eldiariodesanpedro.com.ar\/sitio\/wp-json\/wp\/v2\/comments?post=8829"}],"version-history":[{"count":1,"href":"https:\/\/eldiariodesanpedro.com.ar\/sitio\/wp-json\/wp\/v2\/posts\/8829\/revisions"}],"predecessor-version":[{"id":8833,"href":"https:\/\/eldiariodesanpedro.com.ar\/sitio\/wp-json\/wp\/v2\/posts\/8829\/revisions\/8833"}],"wp:featuredmedia":[{"embeddable":true,"href":"https:\/\/eldiariodesanpedro.com.ar\/sitio\/wp-json\/wp\/v2\/media\/8832"}],"wp:attachment":[{"href":"https:\/\/eldiariodesanpedro.com.ar\/sitio\/wp-json\/wp\/v2\/media?parent=8829"}],"wp:term":[{"taxonomy":"category","embeddable":true,"href":"https:\/\/eldiariodesanpedro.com.ar\/sitio\/wp-json\/wp\/v2\/categories?post=8829"},{"taxonomy":"post_tag","embeddable":true,"href":"https:\/\/eldiariodesanpedro.com.ar\/sitio\/wp-json\/wp\/v2\/tags?post=8829"}],"curies":[{"name":"wp","href":"https:\/\/api.w.org\/{rel}","templated":true}]}}