{"id":88289,"date":"2021-02-27T13:30:01","date_gmt":"2021-02-27T16:30:01","guid":{"rendered":"https:\/\/eldiariodesanpedro.com.ar\/sitio\/?p=88289"},"modified":"2021-02-27T13:30:06","modified_gmt":"2021-02-27T16:30:06","slug":"ramallo-cierre-del-frigorifico-arrebeef-perie-dijo-que-hara-todo-lo-posible-para-sostener-los-puestos-de-trabajo","status":"publish","type":"post","link":"https:\/\/eldiariodesanpedro.com.ar\/sitio\/ramallo-cierre-del-frigorifico-arrebeef-perie-dijo-que-hara-todo-lo-posible-para-sostener-los-puestos-de-trabajo\/","title":{"rendered":"RAMALLO | Cierre del frigor\u00edfico ArreBeef: Peri\u00e9 dijo que \u00abhar\u00e1 todo lo posible para sostener los puestos de trabajo\u00bb"},"content":{"rendered":"<!-- VideographyWP Plugin Message: Automatic video embedding prevented by plugin options. -->\n\n<p>El&nbsp;frigor\u00edfico ArreBeef&nbsp;anunci\u00f3 su cierre,&nbsp;su propietario&nbsp;<strong>Hugo Borrel<\/strong>&nbsp;fue qui\u00e9n realiz\u00f3 el anuncio. El establecimiento se encuentra en P\u00e9rez Mill\u00e1n y los trabajadores realizaban un paro luego de haberse dictado la concialiaci\u00f3n obligatoria por parte del Ministerio de Trabajo.<\/p>\n\n\n\n<p>Este s\u00e1bado, el intendente\u00a0<strong>Gustavo Peri\u00e9<\/strong>\u00a0tuvo -cerca de las 11 horas- una reuni\u00f3n con los trabajadores del frigor\u00edfico. El jefe comunal expres\u00f3 que \u00abestar\u00e1 mediando siempre entre los trabajadores y la empresa porque esa es su responsabilidad\u00bb, y que \u00abhar\u00e1 todo lo que deba hacer para sostener los puestos de trabajo\u00bb. Por otra parte, destac\u00f3 la importancia de mantener el di\u00e1logo abierto entre las partes.<\/p>\n\n\n\n<p>Los trabajadores del frigor\u00edfico cobran 40 mil pesos al mes a pesar de ser la segunda exportadora de carne del pa\u00eds y Borrel hab\u00eda amenazado con cerrar la planta antes de pagar sueldos por encima de la l\u00ednea de pobreza.<\/p>\n\n\n\n<p>El mismo sindicato deb\u00eda haber celebrado elecciones para renovar sus autoridades el a\u00f1o pasado, lo que se posterg\u00f3 debido a la pandemia y y todav\u00eda no lo ha hecho.<\/p>\n","protected":false},"excerpt":{"rendered":"<p>El&nbsp;frigor\u00edfico ArreBeef&nbsp;anunci\u00f3 su cierre,&nbsp;su propietario&nbsp;Hugo Borrel&nbsp;fue qui\u00e9n realiz\u00f3 el anuncio. El establecimiento se encuentra en P\u00e9rez Mill\u00e1n y los trabajadores realizaban un paro luego de haberse dictado la concialiaci\u00f3n obligatoria por parte del Ministerio de Trabajo. Este s\u00e1bado, el intendente\u00a0Gustavo Peri\u00e9\u00a0tuvo -cerca de las 11 horas- una reuni\u00f3n con los trabajadores del frigor\u00edfico. El jefe [&hellip;]<\/p>\n","protected":false},"author":4,"featured_media":88290,"comment_status":"open","ping_status":"closed","sticky":false,"template":"","format":"standard","meta":{"om_disable_all_campaigns":false,"_jetpack_memberships_contains_paid_content":false,"footnotes":""},"categories":[621],"tags":[],"class_list":["post-88289","post","type-post","status-publish","format-standard","has-post-thumbnail","hentry","category-regionales"],"aioseo_notices":[],"gutentor_comment":0,"jetpack_featured_media_url":"https:\/\/eldiariodesanpedro.com.ar\/sitio\/wp-content\/uploads\/2021\/02\/bbx_263299531_1_Diseno_sin_titulo__12_.jpg","jetpack_shortlink":"https:\/\/wp.me\/p6RhLt-mY1","jetpack_sharing_enabled":true,"_links":{"self":[{"href":"https:\/\/eldiariodesanpedro.com.ar\/sitio\/wp-json\/wp\/v2\/posts\/88289","targetHints":{"allow":["GET"]}}],"collection":[{"href":"https:\/\/eldiariodesanpedro.com.ar\/sitio\/wp-json\/wp\/v2\/posts"}],"about":[{"href":"https:\/\/eldiariodesanpedro.com.ar\/sitio\/wp-json\/wp\/v2\/types\/post"}],"author":[{"embeddable":true,"href":"https:\/\/eldiariodesanpedro.com.ar\/sitio\/wp-json\/wp\/v2\/users\/4"}],"replies":[{"embeddable":true,"href":"https:\/\/eldiariodesanpedro.com.ar\/sitio\/wp-json\/wp\/v2\/comments?post=88289"}],"version-history":[{"count":1,"href":"https:\/\/eldiariodesanpedro.com.ar\/sitio\/wp-json\/wp\/v2\/posts\/88289\/revisions"}],"predecessor-version":[{"id":88291,"href":"https:\/\/eldiariodesanpedro.com.ar\/sitio\/wp-json\/wp\/v2\/posts\/88289\/revisions\/88291"}],"wp:featuredmedia":[{"embeddable":true,"href":"https:\/\/eldiariodesanpedro.com.ar\/sitio\/wp-json\/wp\/v2\/media\/88290"}],"wp:attachment":[{"href":"https:\/\/eldiariodesanpedro.com.ar\/sitio\/wp-json\/wp\/v2\/media?parent=88289"}],"wp:term":[{"taxonomy":"category","embeddable":true,"href":"https:\/\/eldiariodesanpedro.com.ar\/sitio\/wp-json\/wp\/v2\/categories?post=88289"},{"taxonomy":"post_tag","embeddable":true,"href":"https:\/\/eldiariodesanpedro.com.ar\/sitio\/wp-json\/wp\/v2\/tags?post=88289"}],"curies":[{"name":"wp","href":"https:\/\/api.w.org\/{rel}","templated":true}]}}