{"id":88283,"date":"2021-02-27T13:14:43","date_gmt":"2021-02-27T16:14:43","guid":{"rendered":"https:\/\/eldiariodesanpedro.com.ar\/sitio\/?p=88283"},"modified":"2021-02-27T13:14:47","modified_gmt":"2021-02-27T16:14:47","slug":"la-jubilacion-minima-aumentara-un-16-por-ciento","status":"publish","type":"post","link":"https:\/\/eldiariodesanpedro.com.ar\/sitio\/la-jubilacion-minima-aumentara-un-16-por-ciento\/","title":{"rendered":"La jubilaci\u00f3n m\u00ednima aumentar\u00e1 un 16 por ciento"},"content":{"rendered":"<!-- VideographyWP Plugin Message: Automatic video embedding prevented by plugin options. -->\n\n<p>Por decisi\u00f3n del Gobierno nacional, al aumento del 8,07 por ciento que se desprende de la f\u00f3rmula de movilidad para el mes de marzo, se sumar\u00e1n dos bonos de 1.500 pesos para todos los jubilados y pensionados con ingresos de hasta 30.856 pesos.<br><br>Estos bonos se otorgar\u00e1n en los meses de abril y mayo de este a\u00f1o. De esta forma, el haber m\u00ednimo, que en el mes de marzo ser\u00e1 de 20.571 pesos, pasar\u00e1 a ser de 22.071 pesos en los meses de abril y mayo. As\u00ed, al considerar el aumento por movilidad y los bonos una jubilaci\u00f3n m\u00ednima aumentar\u00e1 un 16 por ciento, gan\u00e1ndole claramente a la inflaci\u00f3n del trimestre.<br><br>A partir del 1\u00b0 de marzo el aumento de las jubilaciones, pensiones y asignaciones ser\u00e1 de 8,07 por ciento. De esta manera, la jubilaci\u00f3n m\u00ednima subir\u00e1 a 20.571 pesos y la jubilaci\u00f3n m\u00e1xima ascender\u00e1 138.426 pesos. En tanto, la Pensi\u00f3n Universal para el Adulto Mayor (PUAM) ascender\u00e1 a 16.457 pesos, sin incluir los dos bonos.<br><br>Este es el primer incremento que se realizar\u00e1 bajo la Ley 27.609 de Movilidad Jubilatoria y alcanzar\u00e1 a 8,3 millones de jubilaciones y pensiones y 9,6 millones de asignaciones (Asignaci\u00f3n Universal por Hijo \u2013AUH\u2013, Asignaciones Familiares \u2013AAFF\u2013, Asignaci\u00f3n Universal por Embarazo \u2013AUE, entre otras).<br><br>La mencionada Ley fue aprobada el 29 de diciembre de 2020 y promulgada el 3 de enero de 2021 por el presidente Alberto Fern\u00e1ndez. Con la anterior ley, el aumento de marzo hubiese sido de 7,18 por ciento.<br><br>El 70 por ciento de los jubilados, jubiladas, pensionados y pensionadas de menores ingresos, que fueron quienes se vieron m\u00e1s afectados y afectadas en los \u00faltimos a\u00f1os, obtendr\u00e1n este beneficio por dos meses hasta la aplicaci\u00f3n de la nueva movilidad en el mes de junio.<br><a href=\"javascript: history.go(-1);\">&nbsp;Volver<\/a><\/p>\n","protected":false},"excerpt":{"rendered":"<p>Por decisi\u00f3n del Gobierno nacional, al aumento del 8,07 por ciento que se desprende de la f\u00f3rmula de movilidad para el mes de marzo, se sumar\u00e1n dos bonos de 1.500 pesos para todos los jubilados y pensionados con ingresos de hasta 30.856 pesos. Estos bonos se otorgar\u00e1n en los meses de abril y mayo de [&hellip;]<\/p>\n","protected":false},"author":4,"featured_media":88284,"comment_status":"open","ping_status":"closed","sticky":false,"template":"","format":"standard","meta":{"om_disable_all_campaigns":false,"_jetpack_memberships_contains_paid_content":false,"footnotes":""},"categories":[621],"tags":[],"class_list":["post-88283","post","type-post","status-publish","format-standard","has-post-thumbnail","hentry","category-regionales"],"aioseo_notices":[],"gutentor_comment":0,"jetpack_featured_media_url":"https:\/\/eldiariodesanpedro.com.ar\/sitio\/wp-content\/uploads\/2021\/02\/no_v62tgr97v2vbwk920210226_211111_0000.png","jetpack_shortlink":"https:\/\/wp.me\/p6RhLt-mXV","jetpack_sharing_enabled":true,"_links":{"self":[{"href":"https:\/\/eldiariodesanpedro.com.ar\/sitio\/wp-json\/wp\/v2\/posts\/88283","targetHints":{"allow":["GET"]}}],"collection":[{"href":"https:\/\/eldiariodesanpedro.com.ar\/sitio\/wp-json\/wp\/v2\/posts"}],"about":[{"href":"https:\/\/eldiariodesanpedro.com.ar\/sitio\/wp-json\/wp\/v2\/types\/post"}],"author":[{"embeddable":true,"href":"https:\/\/eldiariodesanpedro.com.ar\/sitio\/wp-json\/wp\/v2\/users\/4"}],"replies":[{"embeddable":true,"href":"https:\/\/eldiariodesanpedro.com.ar\/sitio\/wp-json\/wp\/v2\/comments?post=88283"}],"version-history":[{"count":1,"href":"https:\/\/eldiariodesanpedro.com.ar\/sitio\/wp-json\/wp\/v2\/posts\/88283\/revisions"}],"predecessor-version":[{"id":88285,"href":"https:\/\/eldiariodesanpedro.com.ar\/sitio\/wp-json\/wp\/v2\/posts\/88283\/revisions\/88285"}],"wp:featuredmedia":[{"embeddable":true,"href":"https:\/\/eldiariodesanpedro.com.ar\/sitio\/wp-json\/wp\/v2\/media\/88284"}],"wp:attachment":[{"href":"https:\/\/eldiariodesanpedro.com.ar\/sitio\/wp-json\/wp\/v2\/media?parent=88283"}],"wp:term":[{"taxonomy":"category","embeddable":true,"href":"https:\/\/eldiariodesanpedro.com.ar\/sitio\/wp-json\/wp\/v2\/categories?post=88283"},{"taxonomy":"post_tag","embeddable":true,"href":"https:\/\/eldiariodesanpedro.com.ar\/sitio\/wp-json\/wp\/v2\/tags?post=88283"}],"curies":[{"name":"wp","href":"https:\/\/api.w.org\/{rel}","templated":true}]}}